{"id":2277,"date":"2025-05-27T23:49:41","date_gmt":"2025-05-27T23:49:41","guid":{"rendered":"https:\/\/pasahoy.com.ar\/ph\/?p=2277"},"modified":"2025-05-27T23:49:41","modified_gmt":"2025-05-27T23:49:41","slug":"gabriela-pedrali-anuncio-convenio-clave-para-mejorar-viviendas-de-familias-del-programa-lazos-dorados","status":"publish","type":"post","link":"https:\/\/pasahoy.com.ar\/ph\/gabriela-pedrali-anuncio-convenio-clave-para-mejorar-viviendas-de-familias-del-programa-lazos-dorados\/","title":{"rendered":"GABRIELA PEDRALI ANUNCI\u00d3 CONVENIO CLAVE PARA MEJORAR VIVIENDAS DE FAMILIAS DEL PROGRAMA LAZOS DORADOS"},"content":{"rendered":"\n<p>La Diputada Nacional Gabriela Pedrali encabez\u00f3 una conferencia de prensa donde se present\u00f3 un nuevo convenio entre el Ministerio de Desarrollo, Igualdad e Integraci\u00f3n Social y la Unidad Ejecutora del Plan Angelelli. El objetivo: mejorar las condiciones habitacionales de ni\u00f1os oncopedi\u00e1tricos incluidos en el programa Lazos Dorados.<\/p>\n\n\n\n<p>Desde su despacho, la legisladora celebr\u00f3 la firma de este acuerdo que permitir\u00e1 una intervenci\u00f3n directa y articulada del Estado en los hogares de cerca de 80 ni\u00f1os riojanos que atraviesan tratamientos m\u00e9dicos complejos. El foco estar\u00e1 puesto en garantizar infraestructura adecuada, condiciones sanitarias dignas y una mayor calidad de vida para ellos y sus familias.<\/p>\n\n\n\n<p>\u00abEstamos muy felices de poder avanzar con este convenio. A partir de ahora empezaremos el pr\u00f3ximo paso que ser\u00e1 en territorio\u00bb, se\u00f1al\u00f3 Pedrali, al destacar el trabajo conjunto con \u00e1reas como la Secretar\u00eda de Inclusi\u00f3n y la Subsecretar\u00eda de Ni\u00f1ez, Adolescencia y Familia.<\/p>\n\n\n\n<p>El convenio integra al Plan Angelelli con el programa Lazos Dorados, creado en 2020 durante la pandemia, como respuesta a la falta de servicios oncopedi\u00e1tricos en la provincia. Seg\u00fan explicaron, si bien el acompa\u00f1amiento m\u00e9dico es responsabilidad de los profesionales de la salud, el rol del Estado es garantizar condiciones sociales que favorezcan el tratamiento y contenci\u00f3n de los ni\u00f1os.<\/p>\n\n\n\n<p>Durante la presentaci\u00f3n, tambi\u00e9n tomaron la palabra el ministro Alfredo Menem, la administradora del Plan Angelelli, Cecilia Leguiza, y otras autoridades del \u00e1rea social. Todos coincidieron en la importancia de que el Estado no solo est\u00e9 presente, sino que sea parte activa de las soluciones.<\/p>\n\n\n\n<p>La iniciativa contempla visitas y relevamientos a cada familia beneficiaria, priorizando casos cr\u00edticos en funci\u00f3n de sus necesidades. El plan busca no solo brindar infraestructura, sino generar esperanza y bienestar en uno de los contextos m\u00e1s sensibles: el de ni\u00f1as y ni\u00f1os que luchan contra enfermedades graves.<\/p>\n\n\n\n<figure class=\"wp-block-gallery has-nested-images columns-default is-cropped wp-block-gallery-1 is-layout-flex wp-block-gallery-is-layout-flex\">\n<figure class=\"wp-block-image size-large\"><img loading=\"lazy\" decoding=\"async\" width=\"1024\" height=\"683\" data-id=\"2278\" src=\"https:\/\/pasahoy.com.ar\/ph\/wp-content\/uploads\/2025\/05\/1000374082-1024x683.jpg\" alt=\"\" class=\"wp-image-2278\" srcset=\"https:\/\/pasahoy.com.ar\/ph\/wp-content\/uploads\/2025\/05\/1000374082-1024x683.jpg 1024w, https:\/\/pasahoy.com.ar\/ph\/wp-content\/uploads\/2025\/05\/1000374082-300x200.jpg 300w, https:\/\/pasahoy.com.ar\/ph\/wp-content\/uploads\/2025\/05\/1000374082-768x512.jpg 768w, https:\/\/pasahoy.com.ar\/ph\/wp-content\/uploads\/2025\/05\/1000374082.jpg 1080w\" sizes=\"auto, (max-width: 1024px) 100vw, 1024px\" \/><\/figure>\n<\/figure>\n","protected":false},"excerpt":{"rendered":"<p>La Diputada Nacional Gabriela Pedrali encabez\u00f3 una conferencia de prensa donde se present\u00f3 un nuevo convenio entre el Ministerio de Desarrollo, Igualdad e Integraci\u00f3n Social y la Unidad Ejecutora del Plan Angelelli. El objetivo: mejorar las condiciones habitacionales de ni\u00f1os oncopedi\u00e1tricos incluidos en el programa Lazos Dorados. Desde su despacho, la legisladora celebr\u00f3 la firma [&hellip;]<\/p>\n","protected":false},"author":3,"featured_media":2278,"comment_status":"open","ping_status":"open","sticky":false,"template":"","format":"standard","meta":{"_jetpack_memberships_contains_paid_content":false,"footnotes":""},"categories":[1],"tags":[],"class_list":["post-2277","post","type-post","status-publish","format-standard","has-post-thumbnail","hentry","category-local"],"jetpack_featured_media_url":"https:\/\/pasahoy.com.ar\/ph\/wp-content\/uploads\/2025\/05\/1000374082.jpg","jetpack_sharing_enabled":true,"_links":{"self":[{"href":"https:\/\/pasahoy.com.ar\/ph\/wp-json\/wp\/v2\/posts\/2277","targetHints":{"allow":["GET"]}}],"collection":[{"href":"https:\/\/pasahoy.com.ar\/ph\/wp-json\/wp\/v2\/posts"}],"about":[{"href":"https:\/\/pasahoy.com.ar\/ph\/wp-json\/wp\/v2\/types\/post"}],"author":[{"embeddable":true,"href":"https:\/\/pasahoy.com.ar\/ph\/wp-json\/wp\/v2\/users\/3"}],"replies":[{"embeddable":true,"href":"https:\/\/pasahoy.com.ar\/ph\/wp-json\/wp\/v2\/comments?post=2277"}],"version-history":[{"count":1,"href":"https:\/\/pasahoy.com.ar\/ph\/wp-json\/wp\/v2\/posts\/2277\/revisions"}],"predecessor-version":[{"id":2279,"href":"https:\/\/pasahoy.com.ar\/ph\/wp-json\/wp\/v2\/posts\/2277\/revisions\/2279"}],"wp:featuredmedia":[{"embeddable":true,"href":"https:\/\/pasahoy.com.ar\/ph\/wp-json\/wp\/v2\/media\/2278"}],"wp:attachment":[{"href":"https:\/\/pasahoy.com.ar\/ph\/wp-json\/wp\/v2\/media?parent=2277"}],"wp:term":[{"taxonomy":"category","embeddable":true,"href":"https:\/\/pasahoy.com.ar\/ph\/wp-json\/wp\/v2\/categories?post=2277"},{"taxonomy":"post_tag","embeddable":true,"href":"https:\/\/pasahoy.com.ar\/ph\/wp-json\/wp\/v2\/tags?post=2277"}],"curies":[{"name":"wp","href":"https:\/\/api.w.org\/{rel}","templated":true}]}}