{"id":2265,"date":"2025-05-27T23:45:13","date_gmt":"2025-05-27T23:45:13","guid":{"rendered":"https:\/\/pasahoy.com.ar\/ph\/?p=2265"},"modified":"2025-05-27T23:45:13","modified_gmt":"2025-05-27T23:45:13","slug":"teresita-madera-celebro-el-dia-de-los-jardines-junto-a-la-comunidad-educativa-de-rosario-vera-penaloza","status":"publish","type":"post","link":"https:\/\/pasahoy.com.ar\/ph\/teresita-madera-celebro-el-dia-de-los-jardines-junto-a-la-comunidad-educativa-de-rosario-vera-penaloza\/","title":{"rendered":"Teresita Madera celebr\u00f3 el D\u00eda de los Jardines junto a la comunidad educativa de Rosario Vera Pe\u00f1aloza"},"content":{"rendered":"\n<p>La vicegobernadora Teresita Madera salud\u00f3 a educadores de nivel inicial en v\u00edsperas de su d\u00eda, que se celebra este 28 de mayo, y acompa\u00f1\u00f3 una jornada colmada de alegr\u00eda junto a los jardines de infantes del departamento Rosario Vera Pe\u00f1aloza.<\/p>\n\n\n\n<figure class=\"wp-block-gallery has-nested-images columns-default is-cropped wp-block-gallery-1 is-layout-flex wp-block-gallery-is-layout-flex\">\n<figure class=\"wp-block-image size-large\"><img loading=\"lazy\" decoding=\"async\" width=\"1024\" height=\"682\" data-id=\"2266\" src=\"https:\/\/pasahoy.com.ar\/ph\/wp-content\/uploads\/2025\/05\/1000374040-1024x682.jpg\" alt=\"\" class=\"wp-image-2266\" srcset=\"https:\/\/pasahoy.com.ar\/ph\/wp-content\/uploads\/2025\/05\/1000374040-1024x682.jpg 1024w, https:\/\/pasahoy.com.ar\/ph\/wp-content\/uploads\/2025\/05\/1000374040-300x200.jpg 300w, https:\/\/pasahoy.com.ar\/ph\/wp-content\/uploads\/2025\/05\/1000374040-768x512.jpg 768w, https:\/\/pasahoy.com.ar\/ph\/wp-content\/uploads\/2025\/05\/1000374040-1536x1023.jpg 1536w, https:\/\/pasahoy.com.ar\/ph\/wp-content\/uploads\/2025\/05\/1000374040.jpg 1600w\" sizes=\"auto, (max-width: 1024px) 100vw, 1024px\" \/><\/figure>\n\n\n\n<figure class=\"wp-block-image size-large\"><img loading=\"lazy\" decoding=\"async\" width=\"1024\" height=\"682\" data-id=\"2268\" src=\"https:\/\/pasahoy.com.ar\/ph\/wp-content\/uploads\/2025\/05\/1000374046-1024x682.jpg\" alt=\"\" class=\"wp-image-2268\" srcset=\"https:\/\/pasahoy.com.ar\/ph\/wp-content\/uploads\/2025\/05\/1000374046-1024x682.jpg 1024w, https:\/\/pasahoy.com.ar\/ph\/wp-content\/uploads\/2025\/05\/1000374046-300x200.jpg 300w, https:\/\/pasahoy.com.ar\/ph\/wp-content\/uploads\/2025\/05\/1000374046-768x512.jpg 768w, https:\/\/pasahoy.com.ar\/ph\/wp-content\/uploads\/2025\/05\/1000374046-1536x1023.jpg 1536w, https:\/\/pasahoy.com.ar\/ph\/wp-content\/uploads\/2025\/05\/1000374046.jpg 1600w\" sizes=\"auto, (max-width: 1024px) 100vw, 1024px\" \/><\/figure>\n\n\n\n<figure class=\"wp-block-image size-large\"><img loading=\"lazy\" decoding=\"async\" width=\"1024\" height=\"682\" data-id=\"2267\" src=\"https:\/\/pasahoy.com.ar\/ph\/wp-content\/uploads\/2025\/05\/1000374043-1024x682.jpg\" alt=\"\" class=\"wp-image-2267\" srcset=\"https:\/\/pasahoy.com.ar\/ph\/wp-content\/uploads\/2025\/05\/1000374043-1024x682.jpg 1024w, https:\/\/pasahoy.com.ar\/ph\/wp-content\/uploads\/2025\/05\/1000374043-300x200.jpg 300w, https:\/\/pasahoy.com.ar\/ph\/wp-content\/uploads\/2025\/05\/1000374043-768x512.jpg 768w, https:\/\/pasahoy.com.ar\/ph\/wp-content\/uploads\/2025\/05\/1000374043-1536x1023.jpg 1536w, https:\/\/pasahoy.com.ar\/ph\/wp-content\/uploads\/2025\/05\/1000374043.jpg 1600w\" sizes=\"auto, (max-width: 1024px) 100vw, 1024px\" \/><\/figure>\n<\/figure>\n\n\n\n<p>En el marco del D\u00eda de los Jardines de Infantes y de la Maestra Jardinera, Madera particip\u00f3 de la 9\u00b0 edici\u00f3n del tradicional \u201cCirco de Rosarito\u201d, un espect\u00e1culo educativo y art\u00edstico que llevan adelante estudiantes y docentes del Instituto Superior de Formaci\u00f3n Docente en Nivel Inicial \u201cRosario Vera Pe\u00f1aloza\u201d de Chepes, en esta oportunidad en el Club River.<\/p>\n\n\n\n<p>El evento, que ya es parte del calendario de la comunidad educativa, reuni\u00f3 a ni\u00f1os, ni\u00f1as, familias y docentes, y cont\u00f3 con la presencia de la intendenta Laura Carrizo; junto a los diputados Cristian P\u00e9rez y Antonio Godoy.<\/p>\n\n\n\n<p>Durante la actividad, la vicegobernadora expres\u00f3 \u201cla mejor forma de honrar a Rosarito Vera es sacando una sonrisa a cada ni\u00f1o y ni\u00f1a, y eso es lo que se logr\u00f3 hoy con esta hermosa propuesta. Felicito a quienes hacen posible este gran espect\u00e1culo y a cada docente que trabaja con amor desde los primeros pasos de la educaci\u00f3n\u201d.<\/p>\n\n\n\n<p>Por su parte, la intendenta Laura Carrizo celebr\u00f3 la continuidad de esta propuesta art\u00edstica.<br>\u201cEste circo es una verdadera fiesta para nuestras infancias. Felicito a cada estudiante y docente por sostener esta iniciativa a\u00f1o tras a\u00f1o, y agradezco a la vicegobernadora Teresita Madera por estar presente y acompa\u00f1ar siempre a la comunidad educativa del departamento\u201d, sostuvo.<\/p>\n","protected":false},"excerpt":{"rendered":"<p>La vicegobernadora Teresita Madera salud\u00f3 a educadores de nivel inicial en v\u00edsperas de su d\u00eda, que se celebra este 28 de mayo, y acompa\u00f1\u00f3 una jornada colmada de alegr\u00eda junto a los jardines de infantes del departamento Rosario Vera Pe\u00f1aloza. En el marco del D\u00eda de los Jardines de Infantes y de la Maestra Jardinera, [&hellip;]<\/p>\n","protected":false},"author":3,"featured_media":2266,"comment_status":"open","ping_status":"open","sticky":false,"template":"","format":"standard","meta":{"_jetpack_memberships_contains_paid_content":false,"footnotes":""},"categories":[1],"tags":[],"class_list":["post-2265","post","type-post","status-publish","format-standard","has-post-thumbnail","hentry","category-local"],"jetpack_featured_media_url":"https:\/\/pasahoy.com.ar\/ph\/wp-content\/uploads\/2025\/05\/1000374040.jpg","jetpack_sharing_enabled":true,"_links":{"self":[{"href":"https:\/\/pasahoy.com.ar\/ph\/wp-json\/wp\/v2\/posts\/2265","targetHints":{"allow":["GET"]}}],"collection":[{"href":"https:\/\/pasahoy.com.ar\/ph\/wp-json\/wp\/v2\/posts"}],"about":[{"href":"https:\/\/pasahoy.com.ar\/ph\/wp-json\/wp\/v2\/types\/post"}],"author":[{"embeddable":true,"href":"https:\/\/pasahoy.com.ar\/ph\/wp-json\/wp\/v2\/users\/3"}],"replies":[{"embeddable":true,"href":"https:\/\/pasahoy.com.ar\/ph\/wp-json\/wp\/v2\/comments?post=2265"}],"version-history":[{"count":1,"href":"https:\/\/pasahoy.com.ar\/ph\/wp-json\/wp\/v2\/posts\/2265\/revisions"}],"predecessor-version":[{"id":2269,"href":"https:\/\/pasahoy.com.ar\/ph\/wp-json\/wp\/v2\/posts\/2265\/revisions\/2269"}],"wp:featuredmedia":[{"embeddable":true,"href":"https:\/\/pasahoy.com.ar\/ph\/wp-json\/wp\/v2\/media\/2266"}],"wp:attachment":[{"href":"https:\/\/pasahoy.com.ar\/ph\/wp-json\/wp\/v2\/media?parent=2265"}],"wp:term":[{"taxonomy":"category","embeddable":true,"href":"https:\/\/pasahoy.com.ar\/ph\/wp-json\/wp\/v2\/categories?post=2265"},{"taxonomy":"post_tag","embeddable":true,"href":"https:\/\/pasahoy.com.ar\/ph\/wp-json\/wp\/v2\/tags?post=2265"}],"curies":[{"name":"wp","href":"https:\/\/api.w.org\/{rel}","templated":true}]}}