{"id":2262,"date":"2025-05-27T23:43:57","date_gmt":"2025-05-27T23:43:57","guid":{"rendered":"https:\/\/pasahoy.com.ar\/ph\/?p=2262"},"modified":"2025-05-27T23:43:57","modified_gmt":"2025-05-27T23:43:57","slug":"el-ministro-quintero-expuso-el-complejo-panorama-financiero-de-la-provincia","status":"publish","type":"post","link":"https:\/\/pasahoy.com.ar\/ph\/el-ministro-quintero-expuso-el-complejo-panorama-financiero-de-la-provincia\/","title":{"rendered":"El ministro Quintero expuso el complejo panorama financiero de la Provincia"},"content":{"rendered":"\n<p><em>El titular de la cartera de Hacienda de la Provincia detall\u00f3 el fuerte impacto de la ca\u00edda de recursos nacionales en las finanzas provinciales y reconoci\u00f3 que, si bien hoy no est\u00e1n dadas las condiciones para otorgar un aumento a los trabajadores estatales, el Gobierno trabaja en alternativas para mejorar los ingresos.<\/em><\/p>\n\n\n\n<figure class=\"wp-block-gallery has-nested-images columns-default is-cropped wp-block-gallery-1 is-layout-flex wp-block-gallery-is-layout-flex\">\n<figure class=\"wp-block-image size-large\"><img loading=\"lazy\" decoding=\"async\" width=\"611\" height=\"611\" data-id=\"2263\" src=\"https:\/\/pasahoy.com.ar\/ph\/wp-content\/uploads\/2025\/05\/1000374036.jpg\" alt=\"\" class=\"wp-image-2263\" srcset=\"https:\/\/pasahoy.com.ar\/ph\/wp-content\/uploads\/2025\/05\/1000374036.jpg 611w, https:\/\/pasahoy.com.ar\/ph\/wp-content\/uploads\/2025\/05\/1000374036-300x300.jpg 300w, https:\/\/pasahoy.com.ar\/ph\/wp-content\/uploads\/2025\/05\/1000374036-150x150.jpg 150w\" sizes=\"auto, (max-width: 611px) 100vw, 611px\" \/><\/figure>\n<\/figure>\n\n\n\n<p>El Gobierno de La Rioja no se encuentra actualmente en condiciones de otorgar un aumento salarial a los trabajadores de la administraci\u00f3n p\u00fablica provincial. As\u00ed lo confirm\u00f3 el ministro de Hacienda, Jorge Quintero, al detallar el complejo panorama financiero por el que atraviesa la Provincia, marcado esencialmente por una fuerte ca\u00edda de los recursos de coparticipaci\u00f3n.<br>En este sentido, Quintero afirm\u00f3 que en el contexto actual no existen recursos disponibles para anunciar un aumento salarial para los trabajadores de la administraci\u00f3n p\u00fablica provincial. \u201cNo hay recursos, realmente es as\u00ed\u201d, remarc\u00f3.<br>Al respecto, el funcionario provincial explic\u00f3 que la situaci\u00f3n financiera se encuentra muy ajustada debido a la ca\u00edda en los ingresos por coparticipaci\u00f3n y a la reducci\u00f3n de los anticipos de Ganancias, adem\u00e1s de la merma en la recaudaci\u00f3n de impuestos nacionales como el IVA y los tributos aduaneros, producto de la fuerte recesi\u00f3n econ\u00f3mica a nivel nacional.<br>\u201cAntes el mes de mayo prove\u00eda ganancias por la forma en que se estructuraban los vencimientos. Mayo pegaba un salto alto, junio bajaba un poquito y despu\u00e9s se manten\u00eda en un nivel m\u00e1s alto. Pero hoy eso cambi\u00f3: los anticipos de Ganancia, que antes eran del 24% o 25%, ahora est\u00e1n en el 11%\u201d, detall\u00f3.<br>\u201cEl compromiso de sueldos ya representa alrededor de 65.000 millones de pesos, y si se suman los pagos vinculados a contratos, becas y cuadrillas, se agregan entre 6 mil y 7 mil millones m\u00e1s\u201d, explic\u00f3 Quintero. El titular de la cartera econ\u00f3mica detall\u00f3 que la mayor parte de los recursos de libre disponibilidad de la Provincia se destinan al pago de salarios, lo que deja un margen muy reducido para el funcionamiento del Estado.<br>Al respecto, asegur\u00f3 que aproximadamente el 80% de los ingresos provinciales se destinan a cubrir la masa salarial, lo que limita las posibilidades de realizar anuncios de incremento en el corto plazo.<br>Adem\u00e1s, Quintero indic\u00f3 que el comportamiento estacional de los recursos nacionales, que suelen registrar un pico en mayo, anticipa un segundo semestre complicado. \u201cEn los a\u00f1os anteriores, mayo pegaba un salto por Ganancias y despu\u00e9s se manten\u00eda. Pero ahora, con la modificaci\u00f3n de los anticipos, ese ingreso tambi\u00e9n disminuy\u00f3\u201d, explic\u00f3.<br>A la baja en la coparticipaci\u00f3n, se suma la recesi\u00f3n econ\u00f3mica, que impacta en la recaudaci\u00f3n de IVA, aduanas y otros tributos nacionales que afectan directamente a los env\u00edos a las provincias. \u201cVemos que casi todo el a\u00f1o va a estar con niveles de coparticipaci\u00f3n muy por debajo de lo habitual\u201d, se\u00f1al\u00f3 Quintero.<br>Asimismo, el ministro tambi\u00e9n mencion\u00f3 que la Provincia debe enfrentar vencimientos de deuda correspondientes a pr\u00e9stamos tomados para la ejecuci\u00f3n de obras p\u00fablicas. Si bien Quintero asegur\u00f3 que desde el Ejecutivo se est\u00e1 trabajando en posibles ajustes presupuestarios para mejorar el margen disponible, por el momento no est\u00e1n dadas las condiciones para avanzar con un incremento salarial. \u201cNecesariamente hay que hacer ajustes para poder pensar en un aumento. Pero hoy por hoy, no est\u00e1n dadas las condiciones\u201d, concluy\u00f3.<\/p>\n","protected":false},"excerpt":{"rendered":"<p>El titular de la cartera de Hacienda de la Provincia detall\u00f3 el fuerte impacto de la ca\u00edda de recursos nacionales en las finanzas provinciales y reconoci\u00f3 que, si bien hoy no est\u00e1n dadas las condiciones para otorgar un aumento a los trabajadores estatales, el Gobierno trabaja en alternativas para mejorar los ingresos. El Gobierno de [&hellip;]<\/p>\n","protected":false},"author":3,"featured_media":2263,"comment_status":"open","ping_status":"open","sticky":false,"template":"","format":"standard","meta":{"_jetpack_memberships_contains_paid_content":false,"footnotes":""},"categories":[1],"tags":[],"class_list":["post-2262","post","type-post","status-publish","format-standard","has-post-thumbnail","hentry","category-local"],"jetpack_featured_media_url":"https:\/\/pasahoy.com.ar\/ph\/wp-content\/uploads\/2025\/05\/1000374036.jpg","jetpack_sharing_enabled":true,"_links":{"self":[{"href":"https:\/\/pasahoy.com.ar\/ph\/wp-json\/wp\/v2\/posts\/2262","targetHints":{"allow":["GET"]}}],"collection":[{"href":"https:\/\/pasahoy.com.ar\/ph\/wp-json\/wp\/v2\/posts"}],"about":[{"href":"https:\/\/pasahoy.com.ar\/ph\/wp-json\/wp\/v2\/types\/post"}],"author":[{"embeddable":true,"href":"https:\/\/pasahoy.com.ar\/ph\/wp-json\/wp\/v2\/users\/3"}],"replies":[{"embeddable":true,"href":"https:\/\/pasahoy.com.ar\/ph\/wp-json\/wp\/v2\/comments?post=2262"}],"version-history":[{"count":1,"href":"https:\/\/pasahoy.com.ar\/ph\/wp-json\/wp\/v2\/posts\/2262\/revisions"}],"predecessor-version":[{"id":2264,"href":"https:\/\/pasahoy.com.ar\/ph\/wp-json\/wp\/v2\/posts\/2262\/revisions\/2264"}],"wp:featuredmedia":[{"embeddable":true,"href":"https:\/\/pasahoy.com.ar\/ph\/wp-json\/wp\/v2\/media\/2263"}],"wp:attachment":[{"href":"https:\/\/pasahoy.com.ar\/ph\/wp-json\/wp\/v2\/media?parent=2262"}],"wp:term":[{"taxonomy":"category","embeddable":true,"href":"https:\/\/pasahoy.com.ar\/ph\/wp-json\/wp\/v2\/categories?post=2262"},{"taxonomy":"post_tag","embeddable":true,"href":"https:\/\/pasahoy.com.ar\/ph\/wp-json\/wp\/v2\/tags?post=2262"}],"curies":[{"name":"wp","href":"https:\/\/api.w.org\/{rel}","templated":true}]}}