{"id":2256,"date":"2025-05-27T17:21:54","date_gmt":"2025-05-27T17:21:54","guid":{"rendered":"https:\/\/pasahoy.com.ar\/ph\/?p=2256"},"modified":"2025-05-27T17:22:10","modified_gmt":"2025-05-27T17:22:10","slug":"maximo-los-menem-me-han-hecho-la-vida-imposible","status":"publish","type":"post","link":"https:\/\/pasahoy.com.ar\/ph\/maximo-los-menem-me-han-hecho-la-vida-imposible\/","title":{"rendered":"M\u00c1XIMO: \u201cLOS MENEM ME HAN HECHO LA VIDA IMPOSIBLE\u201d"},"content":{"rendered":"\n<p>M\u00e1ximo Menem, el hijo de Cecilia Bolocco, qu\u00e9 le dieron de herencia de su padre: \u201cMe han hecho la vida imposible\u201d<\/p>\n\n\n\n<p>M\u00e1ximo, hijo de Carlos Sa\u00fal Menem, quien fue presidente de Argentina entre 1989 y 1999, revel\u00f3 que recibi\u00f3 la herencia de su padre y dedic\u00f3 unos testimonios fuertes hacia su familia por las internas tras la muerte del ex presidente y disputas por la herencia familiar.<\/p>\n\n\n\n<p>El hijo de Cecilia Bolocco, revel\u00f3 cuan angustiante y duro fue la interna o \u201cbatalla\u201d que se desat\u00f3 dentro de la familia por la herencia. Adem\u00e1s, M\u00e1ximo cont\u00f3 que tiene tres relojes, que cuida y guarda con mucho afecto, puesto que pertenec\u00edan a la colecci\u00f3n de su padre.<\/p>\n\n\n\n<p>Cuando el medio Metro le consult\u00f3 por el revuelo medi\u00e1tico que causa la herencia de su padre, el joven de tan solo 21 a\u00f1os coment\u00f3 que esto fue as\u00ed siempre, desde que su padre muri\u00f3: \u201cNo me gusta porque termina manchando su nombre\u201d, sentenci\u00f3.<\/p>\n\n\n\n<p>Adem\u00e1s, coment\u00f3 no estar interesado en el tema: \u201cNo me interesa la verdad, tengo un legado que le dej\u00f3 a mi mam\u00e1 que ya me lo dio y con eso basta y sobra\u201d, revel\u00f3 M\u00e1ximo. Luego, sum\u00f3 estar feliz de que su padre pueda descansar en paz y tranquilidad, aunque reconoci\u00f3 su malestar con los temas que se hablan: \u201cMe da mucha pena que se hable de la herencia de \u00e9l y no de todo lo que hizo\u201d.<\/p>\n\n\n\n<p>M\u00e1ximo fue muy cr\u00edtico con la familia de parte de su padre, con quienes reconoci\u00f3 no tener contacto y sentenci\u00f3: \u201cLa he pasado tan mal con ellos, me han hecho la vida imposible, as\u00ed que no hay mucho cari\u00f1o, me duele, pero as\u00ed es la realidad\u201d.<\/p>\n\n\n\n<figure class=\"wp-block-gallery has-nested-images columns-default is-cropped wp-block-gallery-1 is-layout-flex wp-block-gallery-is-layout-flex\">\n<figure class=\"wp-block-image size-large\"><img loading=\"lazy\" decoding=\"async\" width=\"960\" height=\"591\" data-id=\"2257\" src=\"https:\/\/pasahoy.com.ar\/ph\/wp-content\/uploads\/2025\/05\/1000373053.jpg\" alt=\"\" class=\"wp-image-2257\" srcset=\"https:\/\/pasahoy.com.ar\/ph\/wp-content\/uploads\/2025\/05\/1000373053.jpg 960w, https:\/\/pasahoy.com.ar\/ph\/wp-content\/uploads\/2025\/05\/1000373053-300x185.jpg 300w, https:\/\/pasahoy.com.ar\/ph\/wp-content\/uploads\/2025\/05\/1000373053-768x473.jpg 768w\" sizes=\"auto, (max-width: 960px) 100vw, 960px\" \/><\/figure>\n<\/figure>\n","protected":false},"excerpt":{"rendered":"<p>M\u00e1ximo Menem, el hijo de Cecilia Bolocco, qu\u00e9 le dieron de herencia de su padre: \u201cMe han hecho la vida imposible\u201d M\u00e1ximo, hijo de Carlos Sa\u00fal Menem, quien fue presidente de Argentina entre 1989 y 1999, revel\u00f3 que recibi\u00f3 la herencia de su padre y dedic\u00f3 unos testimonios fuertes hacia su familia por las internas [&hellip;]<\/p>\n","protected":false},"author":3,"featured_media":2257,"comment_status":"open","ping_status":"open","sticky":false,"template":"","format":"standard","meta":{"_jetpack_memberships_contains_paid_content":false,"footnotes":""},"categories":[3],"tags":[],"class_list":["post-2256","post","type-post","status-publish","format-standard","has-post-thumbnail","hentry","category-internacional"],"jetpack_featured_media_url":"https:\/\/pasahoy.com.ar\/ph\/wp-content\/uploads\/2025\/05\/1000373053.jpg","jetpack_sharing_enabled":true,"_links":{"self":[{"href":"https:\/\/pasahoy.com.ar\/ph\/wp-json\/wp\/v2\/posts\/2256","targetHints":{"allow":["GET"]}}],"collection":[{"href":"https:\/\/pasahoy.com.ar\/ph\/wp-json\/wp\/v2\/posts"}],"about":[{"href":"https:\/\/pasahoy.com.ar\/ph\/wp-json\/wp\/v2\/types\/post"}],"author":[{"embeddable":true,"href":"https:\/\/pasahoy.com.ar\/ph\/wp-json\/wp\/v2\/users\/3"}],"replies":[{"embeddable":true,"href":"https:\/\/pasahoy.com.ar\/ph\/wp-json\/wp\/v2\/comments?post=2256"}],"version-history":[{"count":1,"href":"https:\/\/pasahoy.com.ar\/ph\/wp-json\/wp\/v2\/posts\/2256\/revisions"}],"predecessor-version":[{"id":2258,"href":"https:\/\/pasahoy.com.ar\/ph\/wp-json\/wp\/v2\/posts\/2256\/revisions\/2258"}],"wp:featuredmedia":[{"embeddable":true,"href":"https:\/\/pasahoy.com.ar\/ph\/wp-json\/wp\/v2\/media\/2257"}],"wp:attachment":[{"href":"https:\/\/pasahoy.com.ar\/ph\/wp-json\/wp\/v2\/media?parent=2256"}],"wp:term":[{"taxonomy":"category","embeddable":true,"href":"https:\/\/pasahoy.com.ar\/ph\/wp-json\/wp\/v2\/categories?post=2256"},{"taxonomy":"post_tag","embeddable":true,"href":"https:\/\/pasahoy.com.ar\/ph\/wp-json\/wp\/v2\/tags?post=2256"}],"curies":[{"name":"wp","href":"https:\/\/api.w.org\/{rel}","templated":true}]}}