{"id":2248,"date":"2025-05-27T16:06:20","date_gmt":"2025-05-27T16:06:20","guid":{"rendered":"https:\/\/pasahoy.com.ar\/ph\/?p=2248"},"modified":"2025-05-27T16:06:31","modified_gmt":"2025-05-27T16:06:31","slug":"vecinos-de-chanar-y-olta-accedieron-a-controles-medicos-y-lentes-gratuitos","status":"publish","type":"post","link":"https:\/\/pasahoy.com.ar\/ph\/vecinos-de-chanar-y-olta-accedieron-a-controles-medicos-y-lentes-gratuitos\/","title":{"rendered":"Vecinos de Cha\u00f1ar y Olta accedieron a controles m\u00e9dicos y lentes gratuitos"},"content":{"rendered":"\n<p><em>El Ministerio de Salud despleg\u00f3 un nuevo operativo en el interior, con especialidades m\u00e9dicas, estudios preventivos y entrega de anteojos a quienes participaron del abordaje sanitario anterior.<\/em><\/p>\n\n\n\n<figure class=\"wp-block-gallery has-nested-images columns-default is-cropped wp-block-gallery-1 is-layout-flex wp-block-gallery-is-layout-flex\">\n<figure class=\"wp-block-image size-large\"><img loading=\"lazy\" decoding=\"async\" width=\"1024\" height=\"684\" data-id=\"2249\" src=\"https:\/\/pasahoy.com.ar\/ph\/wp-content\/uploads\/2025\/05\/1000372862-1024x684.jpg\" alt=\"\" class=\"wp-image-2249\" srcset=\"https:\/\/pasahoy.com.ar\/ph\/wp-content\/uploads\/2025\/05\/1000372862-1024x684.jpg 1024w, https:\/\/pasahoy.com.ar\/ph\/wp-content\/uploads\/2025\/05\/1000372862-300x200.jpg 300w, https:\/\/pasahoy.com.ar\/ph\/wp-content\/uploads\/2025\/05\/1000372862-768x513.jpg 768w, https:\/\/pasahoy.com.ar\/ph\/wp-content\/uploads\/2025\/05\/1000372862.jpg 1280w\" sizes=\"auto, (max-width: 1024px) 100vw, 1024px\" \/><\/figure>\n\n\n\n<figure class=\"wp-block-image size-large\"><img loading=\"lazy\" decoding=\"async\" width=\"1024\" height=\"684\" data-id=\"2250\" src=\"https:\/\/pasahoy.com.ar\/ph\/wp-content\/uploads\/2025\/05\/1000372863-1024x684.jpg\" alt=\"\" class=\"wp-image-2250\" srcset=\"https:\/\/pasahoy.com.ar\/ph\/wp-content\/uploads\/2025\/05\/1000372863-1024x684.jpg 1024w, https:\/\/pasahoy.com.ar\/ph\/wp-content\/uploads\/2025\/05\/1000372863-300x200.jpg 300w, https:\/\/pasahoy.com.ar\/ph\/wp-content\/uploads\/2025\/05\/1000372863-768x513.jpg 768w, https:\/\/pasahoy.com.ar\/ph\/wp-content\/uploads\/2025\/05\/1000372863.jpg 1280w\" sizes=\"auto, (max-width: 1024px) 100vw, 1024px\" \/><\/figure>\n\n\n\n<figure class=\"wp-block-image size-large\"><img loading=\"lazy\" decoding=\"async\" width=\"1024\" height=\"684\" data-id=\"2251\" src=\"https:\/\/pasahoy.com.ar\/ph\/wp-content\/uploads\/2025\/05\/1000372864-1024x684.jpg\" alt=\"\" class=\"wp-image-2251\" srcset=\"https:\/\/pasahoy.com.ar\/ph\/wp-content\/uploads\/2025\/05\/1000372864-1024x684.jpg 1024w, https:\/\/pasahoy.com.ar\/ph\/wp-content\/uploads\/2025\/05\/1000372864-300x200.jpg 300w, https:\/\/pasahoy.com.ar\/ph\/wp-content\/uploads\/2025\/05\/1000372864-768x513.jpg 768w, https:\/\/pasahoy.com.ar\/ph\/wp-content\/uploads\/2025\/05\/1000372864.jpg 1280w\" sizes=\"auto, (max-width: 1024px) 100vw, 1024px\" \/><\/figure>\n<\/figure>\n\n\n\n<p>El pasado viernes se llev\u00f3 a cabo un nuevo operativo sanitario en el departamento General Belgrano. En el Hospital Seccional Omar B. P\u00e9rez de Cha\u00f1ar se brind\u00f3 atenci\u00f3n m\u00e9dica en distintas especialidades, mientras que en el Hospital Luis A. Motta de Olta se concret\u00f3 la entrega de lentes a pacientes que participaron de un operativo anterior.<br>La iniciativa forma parte de una pol\u00edtica p\u00fablica que busca federalizar el acceso a la salud, impulsada por el Ministerio de Salud y la Jefatura de Gabinete, con el acompa\u00f1amiento de los municipios y hospitales zonales.<br>En esta oportunidad, se brindaron m\u00e1s de 140 prestaciones m\u00e9dicas en ginecolog\u00eda, a trav\u00e9s de la Unidad Ginecol\u00f3gica M\u00f3vil, cardiolog\u00eda, diabetolog\u00eda y oftalmolog\u00eda. Adem\u00e1s, se realizaron estudios como mamograf\u00edas, pruebas de Papanicolau y consultas generales destinadas a la prevenci\u00f3n de enfermedades.<br>Como parte de este operativo integral, tambi\u00e9n se entregaron 50 anteojos recetados en Olta, resultado de un abordaje sanitario realizado en el mes de marzo.<\/p>\n\n\n\n<p><em>Respuestas<\/em><br>Durante la jornada, estuvieron presentes el intendente Juan Urbano, la secretaria de Salud, Marcia Ticac, el referente de Salud Comunitaria, Marcelo Menem, y autoridades locales. En ese marco, el jefe comunal destac\u00f3 que \u00abes un d\u00eda importante en materia de salud. Pudimos dar respuesta con la entrega de lentes y, adem\u00e1s, el operativo en Cha\u00f1ar tuvo una gran convocatoria de personas que se acercaron a atenderse en las distintas especialidades. Aprovechamos tambi\u00e9n para evaluar la situaci\u00f3n del hospital, que necesita mejoras edilicias, y ya estamos trabajando con el Ministerio para avanzar en ese sentido\u00bb.<br>Por su parte, Marcia Ticac se\u00f1al\u00f3 que \u00abeste tipo de operativos se realiza en toda la provincia. Tal como lo prometimos, hoy concretamos la entrega de los anteojos del operativo en Olta, realizado hace apenas dos meses. Es una acci\u00f3n que responde a una decisi\u00f3n pol\u00edtica de nuestro gobernador Ricardo Quintela, que piensa en la gente y en sus necesidades\u00bb.<br>La directora del Hospital de Cha\u00f1ar, Rita La Fuente, valor\u00f3 la articulaci\u00f3n con autoridades provinciales para garantizar el acceso a especialistas. En ese marco, se\u00f1al\u00f3 que \u201ccoordinamos para que las comunidades del interior profundo puedan acceder a atenci\u00f3n m\u00e9dica en especialidades como cardiolog\u00eda, diabetolog\u00eda, oftalmolog\u00eda y ginecolog\u00eda, mediante el cami\u00f3n sanitario. Es clave apuntar a la prevenci\u00f3n, y los profesionales ya est\u00e1n derivando a pacientes que necesitan tratamiento continuo. Tambi\u00e9n se est\u00e1 gestionando el traslado para que puedan continuar sus controles. En cuanto a oftalmolog\u00eda, las personas sin obra social recibir\u00e1n sus lentes en breve\u201d.<\/p>\n","protected":false},"excerpt":{"rendered":"<p>El Ministerio de Salud despleg\u00f3 un nuevo operativo en el interior, con especialidades m\u00e9dicas, estudios preventivos y entrega de anteojos a quienes participaron del abordaje sanitario anterior. El pasado viernes se llev\u00f3 a cabo un nuevo operativo sanitario en el departamento General Belgrano. En el Hospital Seccional Omar B. P\u00e9rez de Cha\u00f1ar se brind\u00f3 atenci\u00f3n [&hellip;]<\/p>\n","protected":false},"author":3,"featured_media":2249,"comment_status":"open","ping_status":"open","sticky":false,"template":"","format":"standard","meta":{"_jetpack_memberships_contains_paid_content":false,"footnotes":""},"categories":[10],"tags":[],"class_list":["post-2248","post","type-post","status-publish","format-standard","has-post-thumbnail","hentry","category-sociedad"],"jetpack_featured_media_url":"https:\/\/pasahoy.com.ar\/ph\/wp-content\/uploads\/2025\/05\/1000372862.jpg","jetpack_sharing_enabled":true,"_links":{"self":[{"href":"https:\/\/pasahoy.com.ar\/ph\/wp-json\/wp\/v2\/posts\/2248","targetHints":{"allow":["GET"]}}],"collection":[{"href":"https:\/\/pasahoy.com.ar\/ph\/wp-json\/wp\/v2\/posts"}],"about":[{"href":"https:\/\/pasahoy.com.ar\/ph\/wp-json\/wp\/v2\/types\/post"}],"author":[{"embeddable":true,"href":"https:\/\/pasahoy.com.ar\/ph\/wp-json\/wp\/v2\/users\/3"}],"replies":[{"embeddable":true,"href":"https:\/\/pasahoy.com.ar\/ph\/wp-json\/wp\/v2\/comments?post=2248"}],"version-history":[{"count":1,"href":"https:\/\/pasahoy.com.ar\/ph\/wp-json\/wp\/v2\/posts\/2248\/revisions"}],"predecessor-version":[{"id":2252,"href":"https:\/\/pasahoy.com.ar\/ph\/wp-json\/wp\/v2\/posts\/2248\/revisions\/2252"}],"wp:featuredmedia":[{"embeddable":true,"href":"https:\/\/pasahoy.com.ar\/ph\/wp-json\/wp\/v2\/media\/2249"}],"wp:attachment":[{"href":"https:\/\/pasahoy.com.ar\/ph\/wp-json\/wp\/v2\/media?parent=2248"}],"wp:term":[{"taxonomy":"category","embeddable":true,"href":"https:\/\/pasahoy.com.ar\/ph\/wp-json\/wp\/v2\/categories?post=2248"},{"taxonomy":"post_tag","embeddable":true,"href":"https:\/\/pasahoy.com.ar\/ph\/wp-json\/wp\/v2\/tags?post=2248"}],"curies":[{"name":"wp","href":"https:\/\/api.w.org\/{rel}","templated":true}]}}