{"id":2238,"date":"2025-05-27T16:03:48","date_gmt":"2025-05-27T16:03:48","guid":{"rendered":"https:\/\/pasahoy.com.ar\/ph\/?p=2238"},"modified":"2025-05-27T16:04:05","modified_gmt":"2025-05-27T16:04:05","slug":"la-justicia-condeno-a-prision-efectiva-a-un-hombre-por-hurto-en-flagrancia-de-una-bicicleta","status":"publish","type":"post","link":"https:\/\/pasahoy.com.ar\/ph\/la-justicia-condeno-a-prision-efectiva-a-un-hombre-por-hurto-en-flagrancia-de-una-bicicleta\/","title":{"rendered":"LA JUSTICIA CONDEN\u00d3 A PRISI\u00d3N EFECTIVA A UN HOMBRE POR HURTO EN FLAGRANCIA DE UNA BICICLETA"},"content":{"rendered":"\n<p>La C\u00e1mara Tercera en lo Criminal y Correccional de la Primera Circunscripci\u00f3n Judicial, con sede en la ciudad de La Rioja, a cargo de la jueza Edith Elizabeth Ag\u00fcero, conden\u00f3 a Jonathan Nicol\u00e1s Montoya por el delito de hurto simple. El hecho ocurri\u00f3 en abril de 2025 y fue resuelto mediante juicio abreviado.<\/p>\n\n\n\n<figure class=\"wp-block-gallery has-nested-images columns-default is-cropped wp-block-gallery-1 is-layout-flex wp-block-gallery-is-layout-flex\">\n<figure class=\"wp-block-image size-large\"><img loading=\"lazy\" decoding=\"async\" width=\"813\" height=\"547\" data-id=\"2239\" src=\"https:\/\/pasahoy.com.ar\/ph\/wp-content\/uploads\/2025\/05\/1000372856.jpg\" alt=\"\" class=\"wp-image-2239\" srcset=\"https:\/\/pasahoy.com.ar\/ph\/wp-content\/uploads\/2025\/05\/1000372856.jpg 813w, https:\/\/pasahoy.com.ar\/ph\/wp-content\/uploads\/2025\/05\/1000372856-300x202.jpg 300w, https:\/\/pasahoy.com.ar\/ph\/wp-content\/uploads\/2025\/05\/1000372856-768x517.jpg 768w\" sizes=\"auto, (max-width: 813px) 100vw, 813px\" \/><\/figure>\n<\/figure>\n\n\n\n<p>La denuncia realizada al 911 permiti\u00f3 que personal policial ubicara a Montoya minutos despu\u00e9s, trasladando las ruedas a pie en inmediaciones a un supermercado ubicado en la peatonal. Las mismas fueron reconocidas por la v\u00edctima.<\/p>\n\n\n\n<p>Durante la audiencia virtual realizada mediante la plataforma Zoom, todas las partes \u2013incluidos el Ministerio P\u00fablico Fiscal, representado por la ayudante fiscal Paola Ruarte, la defensa t\u00e9cnica a cargo de la Dra. Yanina Galeote, y el propio acusado\u2013 acordaron llevar adelante un juicio abreviado. Montoya reconoci\u00f3 su autor\u00eda, acept\u00f3 la acusaci\u00f3n fiscal y consinti\u00f3 la pena acordada.<\/p>\n\n\n\n<p>La jueza Ag\u00fcero homolog\u00f3 el acuerdo, consider\u00f3 probados los hechos y aplic\u00f3 la calificaci\u00f3n legal de hurto conforme al art\u00edculo 162 del C\u00f3digo Penal. En los fundamentos, tambi\u00e9n se consider\u00f3 su reincidencia, ya que Montoya hab\u00eda sido condenado anteriormente por delitos similares, cumpliendo una pena de prisi\u00f3n efectiva que finaliz\u00f3 en enero de 2021.<\/p>\n\n\n\n<p>Como parte de la sentencia, se dispuso adem\u00e1s que Montoya contin\u00fae alojado en el Servicio Penitenciario Provincial y que se le practique un examen para evaluar posibles adicciones, con posibilidad de indicar tratamiento de rehabilitaci\u00f3n.<\/p>\n\n\n\n<p>Tambi\u00e9n se orden\u00f3 el decomiso a favor del Estado de los elementos utilizados para cometer el delito, si los hubiere, y se fijaron honorarios profesionales a la defensa p\u00fablica, aunque sujetos a las disposiciones legales pertinentes por tratarse de un servicio brindado por la Defensa Penal P\u00fablica.<\/p>\n\n\n\n<p>El acusado Montoya, de 29 a\u00f1os, fue condenado a cinco meses de prisi\u00f3n de cumplimiento efectivo por el delito de hurto en flagrancia, tras haber sido hallado responsable de sustraer las ruedas de una bicicleta que se encontraba asegurada en el ingreso de un edificio ubicado en pleno centro de la ciudad Capital. El hecho ocurri\u00f3 el pasado 9 de abril y fue detectado r\u00e1pidamente por la v\u00edctima, quien al escuchar ruidos descendi\u00f3 de su departamento y advirti\u00f3 la sustracci\u00f3n.<\/p>\n\n\n\n<p>Finalmente, se dio intervenci\u00f3n a la Unidad de Asistencia a la V\u00edctima para consultar al damnificado si desea ser informado sobre futuras decisiones vinculadas a la ejecuci\u00f3n de la pena, en cumplimiento de la Ley Provincial N\u00ba 10.185.<\/p>\n\n\n\n<p>La sentencia qued\u00f3 firme en el acto, al manifestar todas las partes su conformidad con el fallo.<\/p>\n","protected":false},"excerpt":{"rendered":"<p>La C\u00e1mara Tercera en lo Criminal y Correccional de la Primera Circunscripci\u00f3n Judicial, con sede en la ciudad de La Rioja, a cargo de la jueza Edith Elizabeth Ag\u00fcero, conden\u00f3 a Jonathan Nicol\u00e1s Montoya por el delito de hurto simple. El hecho ocurri\u00f3 en abril de 2025 y fue resuelto mediante juicio abreviado. La denuncia [&hellip;]<\/p>\n","protected":false},"author":3,"featured_media":2239,"comment_status":"open","ping_status":"open","sticky":false,"template":"","format":"standard","meta":{"_jetpack_memberships_contains_paid_content":false,"footnotes":""},"categories":[12],"tags":[],"class_list":["post-2238","post","type-post","status-publish","format-standard","has-post-thumbnail","hentry","category-judicial"],"jetpack_featured_media_url":"https:\/\/pasahoy.com.ar\/ph\/wp-content\/uploads\/2025\/05\/1000372856.jpg","jetpack_sharing_enabled":true,"_links":{"self":[{"href":"https:\/\/pasahoy.com.ar\/ph\/wp-json\/wp\/v2\/posts\/2238","targetHints":{"allow":["GET"]}}],"collection":[{"href":"https:\/\/pasahoy.com.ar\/ph\/wp-json\/wp\/v2\/posts"}],"about":[{"href":"https:\/\/pasahoy.com.ar\/ph\/wp-json\/wp\/v2\/types\/post"}],"author":[{"embeddable":true,"href":"https:\/\/pasahoy.com.ar\/ph\/wp-json\/wp\/v2\/users\/3"}],"replies":[{"embeddable":true,"href":"https:\/\/pasahoy.com.ar\/ph\/wp-json\/wp\/v2\/comments?post=2238"}],"version-history":[{"count":1,"href":"https:\/\/pasahoy.com.ar\/ph\/wp-json\/wp\/v2\/posts\/2238\/revisions"}],"predecessor-version":[{"id":2240,"href":"https:\/\/pasahoy.com.ar\/ph\/wp-json\/wp\/v2\/posts\/2238\/revisions\/2240"}],"wp:featuredmedia":[{"embeddable":true,"href":"https:\/\/pasahoy.com.ar\/ph\/wp-json\/wp\/v2\/media\/2239"}],"wp:attachment":[{"href":"https:\/\/pasahoy.com.ar\/ph\/wp-json\/wp\/v2\/media?parent=2238"}],"wp:term":[{"taxonomy":"category","embeddable":true,"href":"https:\/\/pasahoy.com.ar\/ph\/wp-json\/wp\/v2\/categories?post=2238"},{"taxonomy":"post_tag","embeddable":true,"href":"https:\/\/pasahoy.com.ar\/ph\/wp-json\/wp\/v2\/tags?post=2238"}],"curies":[{"name":"wp","href":"https:\/\/api.w.org\/{rel}","templated":true}]}}