{"id":2235,"date":"2025-05-27T16:02:53","date_gmt":"2025-05-27T16:02:53","guid":{"rendered":"https:\/\/pasahoy.com.ar\/ph\/?p=2235"},"modified":"2025-05-27T16:03:04","modified_gmt":"2025-05-27T16:03:04","slug":"la-justicia-detuvo-a-un-hombre-por-una-agresion-que-derivo-en-un-desenlace-fatal","status":"publish","type":"post","link":"https:\/\/pasahoy.com.ar\/ph\/la-justicia-detuvo-a-un-hombre-por-una-agresion-que-derivo-en-un-desenlace-fatal\/","title":{"rendered":"LA JUSTICIA DETUVO A UN HOMBRE POR UNA AGRESI\u00d3N QUE DERIV\u00d3 EN UN DESENLACE FATAL"},"content":{"rendered":"\n<p>El Juzgado de Instrucci\u00f3n en lo Criminal y Correccional N\u00b0 3 de la Primera Circunscripci\u00f3n Judicial con sede en la Ciudad de La Rioja, a cargo de la jueza Dra. Mar\u00eda Eugenia Torres, resolvi\u00f3 dictar procesamiento y prisi\u00f3n preventiva para un hombre acusado de agredir f\u00edsicamente a otro y dicho hecho termino en un desenlace fatal.<\/p>\n\n\n\n<p>El hecho que se imputa, da inicio a fines del mes de diciembre del a\u00f1o 2023, cuando tres masculinos estaban consumiendo alcohol en un local comercial del Barrio Yacampis de esta Ciudad Capital. Alrededor de las 20 hs aproximadamente se retiran de lugar a pedido del due\u00f1o del negocio, es aqu\u00ed cuando el imputado comienza a discutir con la v\u00edctima y le propina un golpe de pu\u00f1o, el cual hace caer pesadamente al suelo a la v\u00edctima quedando tendido en el lugar. Los vecinos alertados de este hecho, le dan aviso al servicio de emergencia que, r\u00e1pidamente llego al lugar y atendieron a la persona agredida, el cual presentaba signos de gravedad. Por ello, fue trasladado al nosocomio local, donde permaneci\u00f3 en estado cr\u00edtico hasta confirmar su deceso d\u00edas posteriores al suceso. A ra\u00edz de esto, la esposa de la v\u00edctima realizo una denuncia formal recolectando pruebas y evidencia de los hechos para determinar la responsabilidad del imputado.<\/p>\n\n\n\n<figure class=\"wp-block-gallery has-nested-images columns-default is-cropped wp-block-gallery-1 is-layout-flex wp-block-gallery-is-layout-flex\">\n<figure class=\"wp-block-image size-large\"><img loading=\"lazy\" decoding=\"async\" width=\"788\" height=\"548\" data-id=\"2236\" src=\"https:\/\/pasahoy.com.ar\/ph\/wp-content\/uploads\/2025\/05\/1000372812.png\" alt=\"\" class=\"wp-image-2236\" srcset=\"https:\/\/pasahoy.com.ar\/ph\/wp-content\/uploads\/2025\/05\/1000372812.png 788w, https:\/\/pasahoy.com.ar\/ph\/wp-content\/uploads\/2025\/05\/1000372812-300x209.png 300w, https:\/\/pasahoy.com.ar\/ph\/wp-content\/uploads\/2025\/05\/1000372812-768x534.png 768w\" sizes=\"auto, (max-width: 788px) 100vw, 788px\" \/><\/figure>\n<\/figure>\n\n\n\n<p>En la etapa de investigaci\u00f3n, se toma declaraci\u00f3n indagatoria al imputado y se informa al mismo sobre el hecho por el cual se le imputa ante el delito de; homicidio preterintencional (Seg\u00fan el C\u00f3digo Penal es la intenci\u00f3n del autor de causar un da\u00f1o a la v\u00edctima, pero no la muerte). Los documentos presentados en este caso son; denuncia realizada y ampliaci\u00f3n de la misma, informe m\u00e9dico que detallo el estado de la v\u00edctima posterior a lo sucedi\u00f3, informe m\u00e9dico forense, historia cl\u00ednica, declaraci\u00f3n testimonial, pericias, actas entre otros documentos.<\/p>\n\n\n\n<p>En el an\u00e1lisis de las pruebas mencionadas y evidencia f\u00edsica, claramente demuestra que, el imputado ejerci\u00f3 una conducta que provoc\u00f3 un da\u00f1o corporal grave, siendo la causa que determino el desenlace fatal, marcando su culpabilidad.<\/p>\n\n\n\n<p>Finalmente, la Magistrada resolvi\u00f3 dictar procesamiento y prisi\u00f3n preventiva al acusado por ser el supuesto autor del delito de homicidio preterintencional, por lo que deber\u00e1 continuar bajo prisi\u00f3n preventiva, debiendo efectuarse su traslado al Servicio Penitenciario Provincial donde quedar\u00e1 alojado en calidad de imputado procesado. Por \u00faltimo, se orden\u00f3 el embargo de los bienes del imputado hasta cubrir la suma de un mill\u00f3n quinientos mil.<\/p>\n","protected":false},"excerpt":{"rendered":"<p>El Juzgado de Instrucci\u00f3n en lo Criminal y Correccional N\u00b0 3 de la Primera Circunscripci\u00f3n Judicial con sede en la Ciudad de La Rioja, a cargo de la jueza Dra. Mar\u00eda Eugenia Torres, resolvi\u00f3 dictar procesamiento y prisi\u00f3n preventiva para un hombre acusado de agredir f\u00edsicamente a otro y dicho hecho termino en un desenlace [&hellip;]<\/p>\n","protected":false},"author":3,"featured_media":2236,"comment_status":"open","ping_status":"open","sticky":false,"template":"","format":"standard","meta":{"_jetpack_memberships_contains_paid_content":false,"footnotes":""},"categories":[12],"tags":[],"class_list":["post-2235","post","type-post","status-publish","format-standard","has-post-thumbnail","hentry","category-judicial"],"jetpack_featured_media_url":"https:\/\/pasahoy.com.ar\/ph\/wp-content\/uploads\/2025\/05\/1000372812.png","jetpack_sharing_enabled":true,"_links":{"self":[{"href":"https:\/\/pasahoy.com.ar\/ph\/wp-json\/wp\/v2\/posts\/2235","targetHints":{"allow":["GET"]}}],"collection":[{"href":"https:\/\/pasahoy.com.ar\/ph\/wp-json\/wp\/v2\/posts"}],"about":[{"href":"https:\/\/pasahoy.com.ar\/ph\/wp-json\/wp\/v2\/types\/post"}],"author":[{"embeddable":true,"href":"https:\/\/pasahoy.com.ar\/ph\/wp-json\/wp\/v2\/users\/3"}],"replies":[{"embeddable":true,"href":"https:\/\/pasahoy.com.ar\/ph\/wp-json\/wp\/v2\/comments?post=2235"}],"version-history":[{"count":1,"href":"https:\/\/pasahoy.com.ar\/ph\/wp-json\/wp\/v2\/posts\/2235\/revisions"}],"predecessor-version":[{"id":2237,"href":"https:\/\/pasahoy.com.ar\/ph\/wp-json\/wp\/v2\/posts\/2235\/revisions\/2237"}],"wp:featuredmedia":[{"embeddable":true,"href":"https:\/\/pasahoy.com.ar\/ph\/wp-json\/wp\/v2\/media\/2236"}],"wp:attachment":[{"href":"https:\/\/pasahoy.com.ar\/ph\/wp-json\/wp\/v2\/media?parent=2235"}],"wp:term":[{"taxonomy":"category","embeddable":true,"href":"https:\/\/pasahoy.com.ar\/ph\/wp-json\/wp\/v2\/categories?post=2235"},{"taxonomy":"post_tag","embeddable":true,"href":"https:\/\/pasahoy.com.ar\/ph\/wp-json\/wp\/v2\/tags?post=2235"}],"curies":[{"name":"wp","href":"https:\/\/api.w.org\/{rel}","templated":true}]}}