{"id":2231,"date":"2025-05-27T16:00:47","date_gmt":"2025-05-27T16:00:47","guid":{"rendered":"https:\/\/pasahoy.com.ar\/ph\/?p=2231"},"modified":"2025-05-27T16:00:47","modified_gmt":"2025-05-27T16:00:47","slug":"la-provincia-refuerza-la-educacion-vial-en-todos-los-niveles-escolares","status":"publish","type":"post","link":"https:\/\/pasahoy.com.ar\/ph\/la-provincia-refuerza-la-educacion-vial-en-todos-los-niveles-escolares\/","title":{"rendered":"La Provincia refuerza la educaci\u00f3n vial en todos los niveles escolares"},"content":{"rendered":"\n<p><em>En el marco del Programa de Seguridad Vial Educativa, se realizan jornadas con enfoques l\u00fadicos y pedag\u00f3gicos que buscan formar ciudadanos comprometidos con la seguridad en la v\u00eda p\u00fablica.<\/em><\/p>\n\n\n\n<figure class=\"wp-block-gallery has-nested-images columns-default is-cropped wp-block-gallery-1 is-layout-flex wp-block-gallery-is-layout-flex\">\n<figure class=\"wp-block-image size-large\"><img loading=\"lazy\" decoding=\"async\" width=\"1024\" height=\"682\" data-id=\"2233\" src=\"https:\/\/pasahoy.com.ar\/ph\/wp-content\/uploads\/2025\/05\/1000372836-1024x682.jpg\" alt=\"\" class=\"wp-image-2233\" srcset=\"https:\/\/pasahoy.com.ar\/ph\/wp-content\/uploads\/2025\/05\/1000372836-1024x682.jpg 1024w, https:\/\/pasahoy.com.ar\/ph\/wp-content\/uploads\/2025\/05\/1000372836-300x200.jpg 300w, https:\/\/pasahoy.com.ar\/ph\/wp-content\/uploads\/2025\/05\/1000372836-768x512.jpg 768w, https:\/\/pasahoy.com.ar\/ph\/wp-content\/uploads\/2025\/05\/1000372836-1536x1023.jpg 1536w, https:\/\/pasahoy.com.ar\/ph\/wp-content\/uploads\/2025\/05\/1000372836.jpg 1600w\" sizes=\"auto, (max-width: 1024px) 100vw, 1024px\" \/><\/figure>\n\n\n\n<figure class=\"wp-block-image size-large\"><img loading=\"lazy\" decoding=\"async\" width=\"1024\" height=\"768\" data-id=\"2232\" src=\"https:\/\/pasahoy.com.ar\/ph\/wp-content\/uploads\/2025\/05\/1000372837-1024x768.jpg\" alt=\"\" class=\"wp-image-2232\" srcset=\"https:\/\/pasahoy.com.ar\/ph\/wp-content\/uploads\/2025\/05\/1000372837-1024x768.jpg 1024w, https:\/\/pasahoy.com.ar\/ph\/wp-content\/uploads\/2025\/05\/1000372837-300x225.jpg 300w, https:\/\/pasahoy.com.ar\/ph\/wp-content\/uploads\/2025\/05\/1000372837-768x576.jpg 768w, https:\/\/pasahoy.com.ar\/ph\/wp-content\/uploads\/2025\/05\/1000372837.jpg 1280w\" sizes=\"auto, (max-width: 1024px) 100vw, 1024px\" \/><\/figure>\n<\/figure>\n\n\n\n<p>El Ministerio de Transporte y Comunicaciones de la Provincia, a trav\u00e9s de su Programa de Seguridad Vial Educativa, lleva adelante jornadas de concientizaci\u00f3n en diversas instituciones educativas, con el objetivo de promover una cultura vial responsable desde las primeras etapas de formaci\u00f3n.<br>Estas actividades buscan fomentar competencias ciudadanas en ni\u00f1os, ni\u00f1as y adolescentes, fortaleciendo h\u00e1bitos responsables como usuarios de la v\u00eda p\u00fablica. Las jornadas, destinadas a distintos niveles educativos, se desarrollan bajo un enfoque pedag\u00f3gico participativo e innovador, que incluye din\u00e1micas grupales, simulaciones de situaciones reales, recursos audiovisuales, actividades pr\u00e1cticas y testimonios de especialistas.<\/p>\n\n\n\n<p><em>Talleres<\/em><br>En este marco, se concretaron talleres de educaci\u00f3n vial en la EPET N.\u00ba 1, dirigidos a estudiantes de 4.\u00ba y 5.\u00ba a\u00f1o, de ambos turnos. Las capacitaciones estuvieron a cargo de las docentes Ivana Ochoa y Romina Chumbita, junto al asesor t\u00e9cnico Ariel Albornoz. Durante las actividades, el alumnado reflexion\u00f3 sobre el uso correcto del espacio p\u00fablico, las normas de circulaci\u00f3n y las principales causas de los siniestros viales.<br>Cabe destacar que estas acciones se enmarcan en lo establecido por la Ley de Educaci\u00f3n Nacional N.\u00ba 26.206, la Ley Nacional de Tr\u00e1nsito N.\u00ba 24.449 y la Ley N.\u00ba 27.714 de Educaci\u00f3n en Seguridad Vial, que promueven la educaci\u00f3n vial como contenido obligatorio y transversal en todo el pa\u00eds.<br>Por otro lado, y en conjunto con el Teatro Vial \u201cPelu y sus amigos\u201d, se realizaron propuestas l\u00fadicas en el Jard\u00edn de Infantes N.\u00ba 17 \u201cEugenia Tos de Aciar\u201d, en el marco de los festejos por su 40.\u00ba aniversario.<br>A trav\u00e9s de juegos, canciones y representaciones teatrales, los m\u00e1s peque\u00f1os aprendieron sobre las se\u00f1ales de tr\u00e1nsito, el uso del casco y la importancia de cruzar por la senda peatonal. Estas actividades no solo reforzaron conocimientos b\u00e1sicos, sino que tambi\u00e9n promovieron valores como el respeto, la responsabilidad y el cuidado de uno mismo y de los dem\u00e1s.<\/p>\n\n\n\n<p><em>Articulaci\u00f3n<\/em><br>Desde el Gobierno de La Rioja, a trav\u00e9s del Ministerio de Transporte y Comunicaciones, se sostiene que una infancia segura y una juventud comprometida comienzan con una educaci\u00f3n vial de calidad. Por ello, se trabaja en articulaci\u00f3n con instituciones educativas para garantizar el acceso a contenidos fundamentales que contribuyan a formar una ciudadan\u00eda consciente y comprometida con la movilidad segura.<\/p>\n","protected":false},"excerpt":{"rendered":"<p>En el marco del Programa de Seguridad Vial Educativa, se realizan jornadas con enfoques l\u00fadicos y pedag\u00f3gicos que buscan formar ciudadanos comprometidos con la seguridad en la v\u00eda p\u00fablica. El Ministerio de Transporte y Comunicaciones de la Provincia, a trav\u00e9s de su Programa de Seguridad Vial Educativa, lleva adelante jornadas de concientizaci\u00f3n en diversas instituciones [&hellip;]<\/p>\n","protected":false},"author":3,"featured_media":2233,"comment_status":"open","ping_status":"open","sticky":false,"template":"","format":"standard","meta":{"_jetpack_memberships_contains_paid_content":false,"footnotes":""},"categories":[1],"tags":[],"class_list":["post-2231","post","type-post","status-publish","format-standard","has-post-thumbnail","hentry","category-local"],"jetpack_featured_media_url":"https:\/\/pasahoy.com.ar\/ph\/wp-content\/uploads\/2025\/05\/1000372836.jpg","jetpack_sharing_enabled":true,"_links":{"self":[{"href":"https:\/\/pasahoy.com.ar\/ph\/wp-json\/wp\/v2\/posts\/2231","targetHints":{"allow":["GET"]}}],"collection":[{"href":"https:\/\/pasahoy.com.ar\/ph\/wp-json\/wp\/v2\/posts"}],"about":[{"href":"https:\/\/pasahoy.com.ar\/ph\/wp-json\/wp\/v2\/types\/post"}],"author":[{"embeddable":true,"href":"https:\/\/pasahoy.com.ar\/ph\/wp-json\/wp\/v2\/users\/3"}],"replies":[{"embeddable":true,"href":"https:\/\/pasahoy.com.ar\/ph\/wp-json\/wp\/v2\/comments?post=2231"}],"version-history":[{"count":1,"href":"https:\/\/pasahoy.com.ar\/ph\/wp-json\/wp\/v2\/posts\/2231\/revisions"}],"predecessor-version":[{"id":2234,"href":"https:\/\/pasahoy.com.ar\/ph\/wp-json\/wp\/v2\/posts\/2231\/revisions\/2234"}],"wp:featuredmedia":[{"embeddable":true,"href":"https:\/\/pasahoy.com.ar\/ph\/wp-json\/wp\/v2\/media\/2233"}],"wp:attachment":[{"href":"https:\/\/pasahoy.com.ar\/ph\/wp-json\/wp\/v2\/media?parent=2231"}],"wp:term":[{"taxonomy":"category","embeddable":true,"href":"https:\/\/pasahoy.com.ar\/ph\/wp-json\/wp\/v2\/categories?post=2231"},{"taxonomy":"post_tag","embeddable":true,"href":"https:\/\/pasahoy.com.ar\/ph\/wp-json\/wp\/v2\/tags?post=2231"}],"curies":[{"name":"wp","href":"https:\/\/api.w.org\/{rel}","templated":true}]}}