{"id":2227,"date":"2025-05-27T15:59:51","date_gmt":"2025-05-27T15:59:51","guid":{"rendered":"https:\/\/pasahoy.com.ar\/ph\/?p=2227"},"modified":"2025-05-27T16:00:01","modified_gmt":"2025-05-27T16:00:01","slug":"comenzo-el-curso-gratuito-de-electricidad-domiciliaria-en-nivel-inicial","status":"publish","type":"post","link":"https:\/\/pasahoy.com.ar\/ph\/comenzo-el-curso-gratuito-de-electricidad-domiciliaria-en-nivel-inicial\/","title":{"rendered":"Comenz\u00f3 el curso gratuito de Electricidad Domiciliaria en nivel inicial"},"content":{"rendered":"\n<p><em>La propuesta, impulsada por el Ministerio de Transporte y Comunicaciones junto al programa ProyectAR, apunta a brindar herramientas pr\u00e1cticas para el trabajo en el hogar y fomenta la capacitaci\u00f3n t\u00e9cnica accesible para toda la comunidad.<\/em><\/p>\n\n\n\n<figure class=\"wp-block-gallery has-nested-images columns-default is-cropped wp-block-gallery-1 is-layout-flex wp-block-gallery-is-layout-flex\">\n<figure class=\"wp-block-image size-large\"><img loading=\"lazy\" decoding=\"async\" width=\"1024\" height=\"683\" data-id=\"2228\" src=\"https:\/\/pasahoy.com.ar\/ph\/wp-content\/uploads\/2025\/05\/1000372830-1024x683.jpg\" alt=\"\" class=\"wp-image-2228\" srcset=\"https:\/\/pasahoy.com.ar\/ph\/wp-content\/uploads\/2025\/05\/1000372830-1024x683.jpg 1024w, https:\/\/pasahoy.com.ar\/ph\/wp-content\/uploads\/2025\/05\/1000372830-300x200.jpg 300w, https:\/\/pasahoy.com.ar\/ph\/wp-content\/uploads\/2025\/05\/1000372830-768x512.jpg 768w, https:\/\/pasahoy.com.ar\/ph\/wp-content\/uploads\/2025\/05\/1000372830-1536x1024.jpg 1536w, https:\/\/pasahoy.com.ar\/ph\/wp-content\/uploads\/2025\/05\/1000372830.jpg 1600w\" sizes=\"auto, (max-width: 1024px) 100vw, 1024px\" \/><\/figure>\n\n\n\n<figure class=\"wp-block-image size-large\"><img loading=\"lazy\" decoding=\"async\" width=\"1024\" height=\"682\" data-id=\"2229\" src=\"https:\/\/pasahoy.com.ar\/ph\/wp-content\/uploads\/2025\/05\/1000372831-1024x682.jpg\" alt=\"\" class=\"wp-image-2229\" srcset=\"https:\/\/pasahoy.com.ar\/ph\/wp-content\/uploads\/2025\/05\/1000372831-1024x682.jpg 1024w, https:\/\/pasahoy.com.ar\/ph\/wp-content\/uploads\/2025\/05\/1000372831-300x200.jpg 300w, https:\/\/pasahoy.com.ar\/ph\/wp-content\/uploads\/2025\/05\/1000372831-768x512.jpg 768w, https:\/\/pasahoy.com.ar\/ph\/wp-content\/uploads\/2025\/05\/1000372831-1536x1023.jpg 1536w, https:\/\/pasahoy.com.ar\/ph\/wp-content\/uploads\/2025\/05\/1000372831.jpg 1600w\" sizes=\"auto, (max-width: 1024px) 100vw, 1024px\" \/><\/figure>\n<\/figure>\n\n\n\n<p>El Ministerio de Transporte y Comunicaciones de la Provincia, en conjunto con el programa \u201cProyectAR\u201d, dio inicio al curso presencial y gratuito \u201cElectricidad Domiciliaria \u2013 Nivel Inicial\u201d, a cargo del ingeniero Alberto Meneze. La propuesta est\u00e1 dirigida al p\u00fablico en general y busca fortalecer el acceso a conocimientos t\u00e9cnicos aplicables en el \u00e1mbito dom\u00e9stico.<br>El curso se dicta en las instalaciones del Ministerio y contempla dos encuentros semanales de una hora y media de duraci\u00f3n cada uno. En la jornada inaugural, se abordaron los contenidos fundamentales de la electricidad domiciliaria, incluyendo principios b\u00e1sicos y recomendaciones esenciales para un uso seguro y eficiente de la energ\u00eda en el hogar.<br>A lo largo de la formaci\u00f3n, las y los participantes adquirir\u00e1n herramientas te\u00f3ricas y pr\u00e1cticas para realizar instalaciones el\u00e9ctricas b\u00e1sicas y resolver reparaciones comunes en sus viviendas de manera aut\u00f3noma, responsable y segura.<br>Esta iniciativa se enmarca en el compromiso del Gobierno de La Rioja con la capacitaci\u00f3n t\u00e9cnica, la inclusi\u00f3n formativa y el desarrollo de habilidades que potencien la autonom\u00eda y el bienestar de las comunidades.<\/p>\n","protected":false},"excerpt":{"rendered":"<p>La propuesta, impulsada por el Ministerio de Transporte y Comunicaciones junto al programa ProyectAR, apunta a brindar herramientas pr\u00e1cticas para el trabajo en el hogar y fomenta la capacitaci\u00f3n t\u00e9cnica accesible para toda la comunidad. El Ministerio de Transporte y Comunicaciones de la Provincia, en conjunto con el programa \u201cProyectAR\u201d, dio inicio al curso presencial [&hellip;]<\/p>\n","protected":false},"author":3,"featured_media":2228,"comment_status":"open","ping_status":"open","sticky":false,"template":"","format":"standard","meta":{"_jetpack_memberships_contains_paid_content":false,"footnotes":""},"categories":[10],"tags":[],"class_list":["post-2227","post","type-post","status-publish","format-standard","has-post-thumbnail","hentry","category-sociedad"],"jetpack_featured_media_url":"https:\/\/pasahoy.com.ar\/ph\/wp-content\/uploads\/2025\/05\/1000372830.jpg","jetpack_sharing_enabled":true,"_links":{"self":[{"href":"https:\/\/pasahoy.com.ar\/ph\/wp-json\/wp\/v2\/posts\/2227","targetHints":{"allow":["GET"]}}],"collection":[{"href":"https:\/\/pasahoy.com.ar\/ph\/wp-json\/wp\/v2\/posts"}],"about":[{"href":"https:\/\/pasahoy.com.ar\/ph\/wp-json\/wp\/v2\/types\/post"}],"author":[{"embeddable":true,"href":"https:\/\/pasahoy.com.ar\/ph\/wp-json\/wp\/v2\/users\/3"}],"replies":[{"embeddable":true,"href":"https:\/\/pasahoy.com.ar\/ph\/wp-json\/wp\/v2\/comments?post=2227"}],"version-history":[{"count":1,"href":"https:\/\/pasahoy.com.ar\/ph\/wp-json\/wp\/v2\/posts\/2227\/revisions"}],"predecessor-version":[{"id":2230,"href":"https:\/\/pasahoy.com.ar\/ph\/wp-json\/wp\/v2\/posts\/2227\/revisions\/2230"}],"wp:featuredmedia":[{"embeddable":true,"href":"https:\/\/pasahoy.com.ar\/ph\/wp-json\/wp\/v2\/media\/2228"}],"wp:attachment":[{"href":"https:\/\/pasahoy.com.ar\/ph\/wp-json\/wp\/v2\/media?parent=2227"}],"wp:term":[{"taxonomy":"category","embeddable":true,"href":"https:\/\/pasahoy.com.ar\/ph\/wp-json\/wp\/v2\/categories?post=2227"},{"taxonomy":"post_tag","embeddable":true,"href":"https:\/\/pasahoy.com.ar\/ph\/wp-json\/wp\/v2\/tags?post=2227"}],"curies":[{"name":"wp","href":"https:\/\/api.w.org\/{rel}","templated":true}]}}