{"id":2223,"date":"2025-05-27T15:59:02","date_gmt":"2025-05-27T15:59:02","guid":{"rendered":"https:\/\/pasahoy.com.ar\/ph\/?p=2223"},"modified":"2025-05-27T15:59:02","modified_gmt":"2025-05-27T15:59:02","slug":"quintela-presento-los-juegos-educativos-rosarianos-para-escuelas-de-toda-la-provincia","status":"publish","type":"post","link":"https:\/\/pasahoy.com.ar\/ph\/quintela-presento-los-juegos-educativos-rosarianos-para-escuelas-de-toda-la-provincia\/","title":{"rendered":"Quintela present\u00f3 los Juegos Educativos Rosarianos para escuelas de toda la Provincia"},"content":{"rendered":"\n<p><em>La iniciativa forma parte del Plan \u201cRosario Vera Pe\u00f1aloza\u201d y propone actividades deportivas inclusivas e intercolegiales para 130 escuelas secundarias, con competencias en polideportivos de la Capital y la participaci\u00f3n de 600 estudiantes.<\/em><\/p>\n\n\n\n<figure class=\"wp-block-gallery has-nested-images columns-default is-cropped wp-block-gallery-1 is-layout-flex wp-block-gallery-is-layout-flex\">\n<figure class=\"wp-block-image size-large\"><img loading=\"lazy\" decoding=\"async\" width=\"1024\" height=\"681\" data-id=\"2224\" src=\"https:\/\/pasahoy.com.ar\/ph\/wp-content\/uploads\/2025\/05\/1000372825-1024x681.jpg\" alt=\"\" class=\"wp-image-2224\" srcset=\"https:\/\/pasahoy.com.ar\/ph\/wp-content\/uploads\/2025\/05\/1000372825-1024x681.jpg 1024w, https:\/\/pasahoy.com.ar\/ph\/wp-content\/uploads\/2025\/05\/1000372825-300x199.jpg 300w, https:\/\/pasahoy.com.ar\/ph\/wp-content\/uploads\/2025\/05\/1000372825-768x511.jpg 768w, https:\/\/pasahoy.com.ar\/ph\/wp-content\/uploads\/2025\/05\/1000372825.jpg 1280w\" sizes=\"auto, (max-width: 1024px) 100vw, 1024px\" \/><\/figure>\n\n\n\n<figure class=\"wp-block-image size-large\"><img loading=\"lazy\" decoding=\"async\" width=\"1024\" height=\"681\" data-id=\"2225\" src=\"https:\/\/pasahoy.com.ar\/ph\/wp-content\/uploads\/2025\/05\/1000372826-1024x681.jpg\" alt=\"\" class=\"wp-image-2225\" srcset=\"https:\/\/pasahoy.com.ar\/ph\/wp-content\/uploads\/2025\/05\/1000372826-1024x681.jpg 1024w, https:\/\/pasahoy.com.ar\/ph\/wp-content\/uploads\/2025\/05\/1000372826-300x199.jpg 300w, https:\/\/pasahoy.com.ar\/ph\/wp-content\/uploads\/2025\/05\/1000372826-768x511.jpg 768w, https:\/\/pasahoy.com.ar\/ph\/wp-content\/uploads\/2025\/05\/1000372826.jpg 1280w\" sizes=\"auto, (max-width: 1024px) 100vw, 1024px\" \/><\/figure>\n<\/figure>\n\n\n\n<p>En el marco de las pol\u00edticas educativas establecidas en el Plan Provincial \u201cRosario Vera Pe\u00f1aloza\u201d, el gobernador Ricardo Quintela lanz\u00f3 este martes los Juegos Educativos Rosarianos (JER). Se trata de una propuesta con un enfoque inclusivo y un abordaje intra e interinstitucional, que busca desarrollar dispositivos deportivos con alcance regional y provincial. Estar\u00e1 destinada a instituciones tanto del sector estatal como del privado, y se llevar\u00e1 a cabo en los polideportivos Juan Domingo Per\u00f3n, Carlos Sa\u00fal Menem y Augusto Mercado Luna.<br>En ese sentido, el mandatario provincial expres\u00f3 que \u201cse tom\u00f3 la decisi\u00f3n pol\u00edtica de utilizar este estadio para poner a disposici\u00f3n de todo el sector Norte un servicio educativo que permita a los chicos desarrollar actividades f\u00edsicas, utilizando todas las instalaciones para distintas disciplinas como v\u00f3ley, b\u00e1squet, f\u00fatbol, atletismo, entre otras, en un espacio m\u00e1s c\u00f3modo y accesible\u201d.<br>Adem\u00e1s, reafirm\u00f3 las pol\u00edticas deportivas y de inclusi\u00f3n que impulsa desde su gesti\u00f3n, con el objetivo de \u201cgenerar condiciones favorables para que la pr\u00e1ctica del deporte y la educaci\u00f3n f\u00edsica pueda realizarse en lugares acordes a las necesidades de los profesores y al requerimiento de los chicos\u201d.<br>A su criterio, el Polideportivo Per\u00f3n \u201ctiene todas las condiciones necesarias para la pr\u00e1ctica de todos los deportes, y por eso se lo eligi\u00f3\u201d.<\/p>\n\n\n\n<p><em>Punto de referencia<\/em><br>Por su parte, el ministro de Educaci\u00f3n, Ariel Mart\u00ednez, destac\u00f3 durante el acto que \u201ceste ser\u00e1 el espacio recreativo y deportivo para el Norte de la Capital, para todas las escuelas de la zona, el lugar donde podr\u00e1n venir a realizar todas las actividades deportivas\u201d.<br>\u201cEs importante para las instituciones, pero fundamentalmente para los alumnos\u201d, agreg\u00f3. Y sostuvo que los Juegos Rosarianos permitir\u00e1n la competencia en distintas disciplinas. \u201cPromueven el v\u00ednculo, las competencias y las actividades recreativas entre las instituciones. Pero lo m\u00e1s relevante no es solo lanzar los juegos, sino contar con este nuevo centro deportivo y recreativo que servir\u00e1 como punto de referencia para todo el sistema educativo del Norte, por su cercan\u00eda, su infraestructura y la seguridad que ofrece\u201d.<br>A su turno, Yamil Menem, titular de la Agencia de Espacios P\u00fablicos y Eventos de la provincia, se\u00f1al\u00f3: \u201cEste lanzamiento se realiza en un lugar emblem\u00e1tico para las y los riojanos, como es el Estadio Carlos Augusto Mercado Luna. Agradecidos y esperando que vivan una buena jornada\u201d.<\/p>\n\n\n\n<p><em>Fortalecer procesos de ense\u00f1anza<\/em><br>En esta oportunidad, se propusieron junto a las instituciones educativas distintos dispositivos, como los Juegos Intercolegiales, incorporando nuevas estrategias de intervenci\u00f3n en los niveles educativos. La iniciativa busca promover acciones deportivas institucionales que sensibilicen a estudiantes y familias, con la participaci\u00f3n de las 130 escuelas de nivel secundario de toda la provincia.<br>Las disciplinas incluir\u00e1n f\u00fatbol, b\u00e1squet, handball, v\u00f3ley y deportes adaptados, promoviendo la inclusi\u00f3n en los polideportivos Presidente Juan Domingo Per\u00f3n y Carlos Sa\u00fal Menem. Se espera la participaci\u00f3n de alrededor de 600 estudiantes.<br>Este proyecto apunta a fortalecer los procesos de ense\u00f1anza y aprendizaje en t\u00e9rminos pedag\u00f3gicos y did\u00e1cticos, permitiendo a los estudiantes acceder a saberes relevantes, sin importar el contexto. Se trata de visibilizar las pr\u00e1cticas deportivas como herramientas educativas, y de construir colectivamente, desde lo que somos y podemos lograr, el efectivo derecho a la educaci\u00f3n.<\/p>\n","protected":false},"excerpt":{"rendered":"<p>La iniciativa forma parte del Plan \u201cRosario Vera Pe\u00f1aloza\u201d y propone actividades deportivas inclusivas e intercolegiales para 130 escuelas secundarias, con competencias en polideportivos de la Capital y la participaci\u00f3n de 600 estudiantes. En el marco de las pol\u00edticas educativas establecidas en el Plan Provincial \u201cRosario Vera Pe\u00f1aloza\u201d, el gobernador Ricardo Quintela lanz\u00f3 este martes [&hellip;]<\/p>\n","protected":false},"author":3,"featured_media":2224,"comment_status":"open","ping_status":"open","sticky":false,"template":"","format":"standard","meta":{"_jetpack_memberships_contains_paid_content":false,"footnotes":""},"categories":[1],"tags":[],"class_list":["post-2223","post","type-post","status-publish","format-standard","has-post-thumbnail","hentry","category-local"],"jetpack_featured_media_url":"https:\/\/pasahoy.com.ar\/ph\/wp-content\/uploads\/2025\/05\/1000372825.jpg","jetpack_sharing_enabled":true,"_links":{"self":[{"href":"https:\/\/pasahoy.com.ar\/ph\/wp-json\/wp\/v2\/posts\/2223","targetHints":{"allow":["GET"]}}],"collection":[{"href":"https:\/\/pasahoy.com.ar\/ph\/wp-json\/wp\/v2\/posts"}],"about":[{"href":"https:\/\/pasahoy.com.ar\/ph\/wp-json\/wp\/v2\/types\/post"}],"author":[{"embeddable":true,"href":"https:\/\/pasahoy.com.ar\/ph\/wp-json\/wp\/v2\/users\/3"}],"replies":[{"embeddable":true,"href":"https:\/\/pasahoy.com.ar\/ph\/wp-json\/wp\/v2\/comments?post=2223"}],"version-history":[{"count":1,"href":"https:\/\/pasahoy.com.ar\/ph\/wp-json\/wp\/v2\/posts\/2223\/revisions"}],"predecessor-version":[{"id":2226,"href":"https:\/\/pasahoy.com.ar\/ph\/wp-json\/wp\/v2\/posts\/2223\/revisions\/2226"}],"wp:featuredmedia":[{"embeddable":true,"href":"https:\/\/pasahoy.com.ar\/ph\/wp-json\/wp\/v2\/media\/2224"}],"wp:attachment":[{"href":"https:\/\/pasahoy.com.ar\/ph\/wp-json\/wp\/v2\/media?parent=2223"}],"wp:term":[{"taxonomy":"category","embeddable":true,"href":"https:\/\/pasahoy.com.ar\/ph\/wp-json\/wp\/v2\/categories?post=2223"},{"taxonomy":"post_tag","embeddable":true,"href":"https:\/\/pasahoy.com.ar\/ph\/wp-json\/wp\/v2\/tags?post=2223"}],"curies":[{"name":"wp","href":"https:\/\/api.w.org\/{rel}","templated":true}]}}