{"id":2214,"date":"2025-05-26T22:45:51","date_gmt":"2025-05-26T22:45:51","guid":{"rendered":"https:\/\/pasahoy.com.ar\/ph\/?p=2214"},"modified":"2025-05-26T22:46:04","modified_gmt":"2025-05-26T22:46:04","slug":"otra-competencia-que-seria-clandestina-dejo-una-mujer-herida-en-el-cerro","status":"publish","type":"post","link":"https:\/\/pasahoy.com.ar\/ph\/otra-competencia-que-seria-clandestina-dejo-una-mujer-herida-en-el-cerro\/","title":{"rendered":"OTRA COMPETENCIA QUE SERIA CLANDESTINA DEJO UNA MUJER HERIDA EN EL CERRO."},"content":{"rendered":"\n<p><br>Personal del CAPE, toma conocimiento en horas de la tarde que habr\u00eda una persona herida en el cerro el Pe\u00f1\u00f3n, que se ubica la derecha pasando el t\u00fanel del Dique Los Sauces.<\/p>\n\n\n\n<figure class=\"wp-block-gallery has-nested-images columns-default is-cropped wp-block-gallery-1 is-layout-flex wp-block-gallery-is-layout-flex\">\n<figure class=\"wp-block-image size-large\"><img loading=\"lazy\" decoding=\"async\" width=\"768\" height=\"960\" data-id=\"2216\" src=\"https:\/\/pasahoy.com.ar\/ph\/wp-content\/uploads\/2025\/05\/1000370707.jpg\" alt=\"\" class=\"wp-image-2216\" srcset=\"https:\/\/pasahoy.com.ar\/ph\/wp-content\/uploads\/2025\/05\/1000370707.jpg 768w, https:\/\/pasahoy.com.ar\/ph\/wp-content\/uploads\/2025\/05\/1000370707-240x300.jpg 240w\" sizes=\"auto, (max-width: 768px) 100vw, 768px\" \/><\/figure>\n\n\n\n<figure class=\"wp-block-image size-large\"><img loading=\"lazy\" decoding=\"async\" width=\"768\" height=\"960\" data-id=\"2215\" src=\"https:\/\/pasahoy.com.ar\/ph\/wp-content\/uploads\/2025\/05\/1000370708.jpg\" alt=\"\" class=\"wp-image-2215\" srcset=\"https:\/\/pasahoy.com.ar\/ph\/wp-content\/uploads\/2025\/05\/1000370708.jpg 768w, https:\/\/pasahoy.com.ar\/ph\/wp-content\/uploads\/2025\/05\/1000370708-240x300.jpg 240w\" sizes=\"auto, (max-width: 768px) 100vw, 768px\" \/><\/figure>\n\n\n\n<figure class=\"wp-block-image size-large\"><img loading=\"lazy\" decoding=\"async\" width=\"768\" height=\"960\" data-id=\"2217\" src=\"https:\/\/pasahoy.com.ar\/ph\/wp-content\/uploads\/2025\/05\/1000370709.jpg\" alt=\"\" class=\"wp-image-2217\" srcset=\"https:\/\/pasahoy.com.ar\/ph\/wp-content\/uploads\/2025\/05\/1000370709.jpg 768w, https:\/\/pasahoy.com.ar\/ph\/wp-content\/uploads\/2025\/05\/1000370709-240x300.jpg 240w\" sizes=\"auto, (max-width: 768px) 100vw, 768px\" \/><\/figure>\n<\/figure>\n\n\n\n<p>Casi cuatro horas de descenso con una mujer de apellido Tello, quien sufri\u00f3 una lesi\u00f3n en miembro inferior (tobillo), lo que le imped\u00eda poder caminar, se inmoviliza en camilla r\u00edgida, en el camino personal policial encuentran aproximadamente unas 50 personas que bajaban con medallas.<\/p>\n\n\n\n<p>Pero al consultar a los servicios de emergencias de ambulancia y policial del departamento Sanagasta habr\u00edan indicado no ten\u00edan conocimiento de esta competencia. Que no contaba con ambulancia ni personal de custodia.<\/p>\n","protected":false},"excerpt":{"rendered":"<p>Personal del CAPE, toma conocimiento en horas de la tarde que habr\u00eda una persona herida en el cerro el Pe\u00f1\u00f3n, que se ubica la derecha pasando el t\u00fanel del Dique Los Sauces. Casi cuatro horas de descenso con una mujer de apellido Tello, quien sufri\u00f3 una lesi\u00f3n en miembro inferior (tobillo), lo que le imped\u00eda [&hellip;]<\/p>\n","protected":false},"author":3,"featured_media":2216,"comment_status":"open","ping_status":"open","sticky":false,"template":"","format":"standard","meta":{"_jetpack_memberships_contains_paid_content":false,"footnotes":""},"categories":[9],"tags":[],"class_list":["post-2214","post","type-post","status-publish","format-standard","has-post-thumbnail","hentry","category-policial"],"jetpack_featured_media_url":"https:\/\/pasahoy.com.ar\/ph\/wp-content\/uploads\/2025\/05\/1000370707.jpg","jetpack_sharing_enabled":true,"_links":{"self":[{"href":"https:\/\/pasahoy.com.ar\/ph\/wp-json\/wp\/v2\/posts\/2214","targetHints":{"allow":["GET"]}}],"collection":[{"href":"https:\/\/pasahoy.com.ar\/ph\/wp-json\/wp\/v2\/posts"}],"about":[{"href":"https:\/\/pasahoy.com.ar\/ph\/wp-json\/wp\/v2\/types\/post"}],"author":[{"embeddable":true,"href":"https:\/\/pasahoy.com.ar\/ph\/wp-json\/wp\/v2\/users\/3"}],"replies":[{"embeddable":true,"href":"https:\/\/pasahoy.com.ar\/ph\/wp-json\/wp\/v2\/comments?post=2214"}],"version-history":[{"count":1,"href":"https:\/\/pasahoy.com.ar\/ph\/wp-json\/wp\/v2\/posts\/2214\/revisions"}],"predecessor-version":[{"id":2218,"href":"https:\/\/pasahoy.com.ar\/ph\/wp-json\/wp\/v2\/posts\/2214\/revisions\/2218"}],"wp:featuredmedia":[{"embeddable":true,"href":"https:\/\/pasahoy.com.ar\/ph\/wp-json\/wp\/v2\/media\/2216"}],"wp:attachment":[{"href":"https:\/\/pasahoy.com.ar\/ph\/wp-json\/wp\/v2\/media?parent=2214"}],"wp:term":[{"taxonomy":"category","embeddable":true,"href":"https:\/\/pasahoy.com.ar\/ph\/wp-json\/wp\/v2\/categories?post=2214"},{"taxonomy":"post_tag","embeddable":true,"href":"https:\/\/pasahoy.com.ar\/ph\/wp-json\/wp\/v2\/tags?post=2214"}],"curies":[{"name":"wp","href":"https:\/\/api.w.org\/{rel}","templated":true}]}}