{"id":2206,"date":"2025-05-26T22:35:17","date_gmt":"2025-05-26T22:35:17","guid":{"rendered":"https:\/\/pasahoy.com.ar\/ph\/?p=2206"},"modified":"2025-05-26T22:35:31","modified_gmt":"2025-05-26T22:35:31","slug":"confirmado-la-libertad-avanza-y-el-pro-iran-juntos-en-las-elecciones-bonaerenses","status":"publish","type":"post","link":"https:\/\/pasahoy.com.ar\/ph\/confirmado-la-libertad-avanza-y-el-pro-iran-juntos-en-las-elecciones-bonaerenses\/","title":{"rendered":"Confirmado: La Libertad Avanza y el PRO ir\u00e1n juntos en las elecciones bonaerenses"},"content":{"rendered":"\n<p><br>El encargado de anunciar la nueva alianza para los comicios en provincia de Buenos Aires fue el diputado amarillo Cristian Ritondo.<\/p>\n\n\n\n<p>Tras reunirse con&nbsp;<strong>Karina Milei<\/strong>&nbsp;en Casa Rosada, el diputado&nbsp;<strong>Cristian Ritondo<\/strong>&nbsp;confirm\u00f3 que el PRO y La Libertad Avanza (LLA) ir\u00e1n unidos en las elecciones legislativas de la provincia de Buenos Aires.<\/p>\n\n\n\n<p>Tras salir del encuentro, que dur\u00f3 una hora y media, y que cont\u00f3 con la presencia de Diego Santilli, Sebasti\u00e1n Pareja y Eduardo \u00abLule\u00bb Menem, el jefe de la bancada amarilla en Diputados manifest\u00f3: \u201cVamos a avanzar juntos en la provincia de Buenos Aires, despu\u00e9s veremos qu\u00e9 instrumento se utilizar\u00e1 en septiembre y en octubre\u201d. <\/p>\n\n\n\n<p>Hay dos condiciones: que saquemos al populismo de la Provincia en septiembre y que nuestros diputados tengan el compromiso de apoyar o de bancar a la Libertad Avanza\u201d, agreg\u00f3.<\/p>\n\n\n\n<p>En tanto,<strong>&nbsp;Sebasti\u00e1n Pareja<\/strong>, armador libertario en territorio bonaerense, se\u00f1al\u00f3:&nbsp;<strong>\u00abHoy se avanz\u00f3 en un acuerdo pol\u00edtico. Avanzar es manejar todas las hip\u00f3tesis, y de cara a la sociedad darle entre esas hip\u00f3tesis la mejor alternativa que represente los valores de ambos partidos\u201d.<\/strong><\/p>\n\n\n\n<p>\u201cEstamos trabajando de buena fe, muy generosamente, sabiendo lo que tenemos que hacer, incluso con los costos que haya que pagar en ese proceso.<strong>&nbsp;Queremos ganar la provincia de Buenos Aires. Vamos a hacer lo que tengamos que hacer, nosotros no queremos aniquilar ni eliminar al PRO\u201d<\/strong>, asegur\u00f3.<\/p>\n\n\n\n<p>Si bien, la letra chica del acuerdo no fue definida en esta reuni\u00f3n,\u00a0<strong>deslizaron que est\u00e1n evaluando la posibilidad de un frente, de una alianza o de adhesiones.<\/strong> <\/p>\n\n\n\n<p>A pesar de las acusaciones cruzadas, los desplantes y los traidores que Roma no paga, La Libertad Avanza (LLA) y el PRO negocian el armado de listas para las elecciones bonaerenses.<\/p>\n\n\n\n<p>Desde el espacio libertario se mantienen firmes en una doble estrategia electoral,&nbsp;<strong>para las nacionales de octubre se resisten al formato de alianza de frentes entre partidos y solo sumar\u00eda a dirigentes amarillos a la boleta violeta, como el caso del devaluado Diego Santilli.&nbsp;<\/strong><strong>Pero, para las elecciones provinciales habr\u00eda libertad de acci\u00f3n y cada secci\u00f3n electoral decidir\u00eda si conforma, o no, un frente<\/strong>.<\/p>\n\n\n\n<p>Si bien a\u00fan quedan limar algunos detalles del acuerdo, que est\u00e1 bastante avanzado a pesar de las peleas en redes, las partes no ven con malos ojos&nbsp;<strong>sumar a la Uni\u00f3n C\u00edvica Radical (UCR)<\/strong>&nbsp;que lidera Maximiliano Abad para enfrentar al kirchnerismo en su basti\u00f3n.<\/p>\n\n\n\n<p>Lo que a\u00fan no se logr\u00f3 destrabar es que lo que quieren&nbsp;<strong>Karina Milei y Sebasti\u00e1n Pareja contrasta con lo que propone Mauricio Macri, que busca una relaci\u00f3n institucional entre ambos espacios,&nbsp;<\/strong>algo que se complic\u00f3 en las \u00faltimas horas con la actitud que tuvo el Javier Milei en el Tedeum de no saludar al jefe de Gobierno, Jorge Macri.<\/p>\n\n\n\n<figure class=\"wp-block-gallery has-nested-images columns-default is-cropped wp-block-gallery-1 is-layout-flex wp-block-gallery-is-layout-flex\">\n<figure class=\"wp-block-image size-large\"><img loading=\"lazy\" decoding=\"async\" width=\"944\" height=\"538\" data-id=\"2208\" src=\"https:\/\/pasahoy.com.ar\/ph\/wp-content\/uploads\/2025\/05\/1000370676.png\" alt=\"\" class=\"wp-image-2208\" srcset=\"https:\/\/pasahoy.com.ar\/ph\/wp-content\/uploads\/2025\/05\/1000370676.png 944w, https:\/\/pasahoy.com.ar\/ph\/wp-content\/uploads\/2025\/05\/1000370676-300x171.png 300w, https:\/\/pasahoy.com.ar\/ph\/wp-content\/uploads\/2025\/05\/1000370676-768x438.png 768w\" sizes=\"auto, (max-width: 944px) 100vw, 944px\" \/><\/figure>\n\n\n\n<figure class=\"wp-block-image size-large\"><img loading=\"lazy\" decoding=\"async\" width=\"963\" height=\"706\" data-id=\"2207\" src=\"https:\/\/pasahoy.com.ar\/ph\/wp-content\/uploads\/2025\/05\/1000370681.png\" alt=\"\" class=\"wp-image-2207\" srcset=\"https:\/\/pasahoy.com.ar\/ph\/wp-content\/uploads\/2025\/05\/1000370681.png 963w, https:\/\/pasahoy.com.ar\/ph\/wp-content\/uploads\/2025\/05\/1000370681-300x220.png 300w, https:\/\/pasahoy.com.ar\/ph\/wp-content\/uploads\/2025\/05\/1000370681-768x563.png 768w\" sizes=\"auto, (max-width: 963px) 100vw, 963px\" \/><\/figure>\n<\/figure>\n","protected":false},"excerpt":{"rendered":"<p>El encargado de anunciar la nueva alianza para los comicios en provincia de Buenos Aires fue el diputado amarillo Cristian Ritondo. Tras reunirse con&nbsp;Karina Milei&nbsp;en Casa Rosada, el diputado&nbsp;Cristian Ritondo&nbsp;confirm\u00f3 que el PRO y La Libertad Avanza (LLA) ir\u00e1n unidos en las elecciones legislativas de la provincia de Buenos Aires. Tras salir del encuentro, que [&hellip;]<\/p>\n","protected":false},"author":3,"featured_media":2208,"comment_status":"open","ping_status":"open","sticky":false,"template":"","format":"standard","meta":{"_jetpack_memberships_contains_paid_content":false,"footnotes":""},"categories":[2],"tags":[],"class_list":["post-2206","post","type-post","status-publish","format-standard","has-post-thumbnail","hentry","category-nacional"],"jetpack_featured_media_url":"https:\/\/pasahoy.com.ar\/ph\/wp-content\/uploads\/2025\/05\/1000370676.png","jetpack_sharing_enabled":true,"_links":{"self":[{"href":"https:\/\/pasahoy.com.ar\/ph\/wp-json\/wp\/v2\/posts\/2206","targetHints":{"allow":["GET"]}}],"collection":[{"href":"https:\/\/pasahoy.com.ar\/ph\/wp-json\/wp\/v2\/posts"}],"about":[{"href":"https:\/\/pasahoy.com.ar\/ph\/wp-json\/wp\/v2\/types\/post"}],"author":[{"embeddable":true,"href":"https:\/\/pasahoy.com.ar\/ph\/wp-json\/wp\/v2\/users\/3"}],"replies":[{"embeddable":true,"href":"https:\/\/pasahoy.com.ar\/ph\/wp-json\/wp\/v2\/comments?post=2206"}],"version-history":[{"count":1,"href":"https:\/\/pasahoy.com.ar\/ph\/wp-json\/wp\/v2\/posts\/2206\/revisions"}],"predecessor-version":[{"id":2209,"href":"https:\/\/pasahoy.com.ar\/ph\/wp-json\/wp\/v2\/posts\/2206\/revisions\/2209"}],"wp:featuredmedia":[{"embeddable":true,"href":"https:\/\/pasahoy.com.ar\/ph\/wp-json\/wp\/v2\/media\/2208"}],"wp:attachment":[{"href":"https:\/\/pasahoy.com.ar\/ph\/wp-json\/wp\/v2\/media?parent=2206"}],"wp:term":[{"taxonomy":"category","embeddable":true,"href":"https:\/\/pasahoy.com.ar\/ph\/wp-json\/wp\/v2\/categories?post=2206"},{"taxonomy":"post_tag","embeddable":true,"href":"https:\/\/pasahoy.com.ar\/ph\/wp-json\/wp\/v2\/tags?post=2206"}],"curies":[{"name":"wp","href":"https:\/\/api.w.org\/{rel}","templated":true}]}}