{"id":2196,"date":"2025-05-26T22:16:50","date_gmt":"2025-05-26T22:16:50","guid":{"rendered":"https:\/\/pasahoy.com.ar\/ph\/?p=2196"},"modified":"2025-05-26T22:17:01","modified_gmt":"2025-05-26T22:17:01","slug":"la-riojana-ayelen-torres-fue-tercera-finalista-en-miss-universo-argentina-2025","status":"publish","type":"post","link":"https:\/\/pasahoy.com.ar\/ph\/la-riojana-ayelen-torres-fue-tercera-finalista-en-miss-universo-argentina-2025\/","title":{"rendered":"LA RIOJANA AYEL\u00c9N TORRES FUE TERCERA FINALISTA EN MISS UNIVERSO ARGENTINA 2025"},"content":{"rendered":"\n<p> Ayel\u00e9n Torres, licenciada en Educaci\u00f3n y profesora de Lengua y Literatura, represent\u00f3 a la provincia de La Rioja en Miss Universo Argentina 2025 y fue elegida como tercera finalista del certamen nacional, destac\u00e1ndose entre las 30 participantes de todo el pa\u00eds.<\/p>\n\n\n\n<figure class=\"wp-block-gallery has-nested-images columns-default is-cropped wp-block-gallery-1 is-layout-flex wp-block-gallery-is-layout-flex\">\n<figure class=\"wp-block-image size-large\"><img loading=\"lazy\" decoding=\"async\" width=\"924\" height=\"960\" data-id=\"2197\" src=\"https:\/\/pasahoy.com.ar\/ph\/wp-content\/uploads\/2025\/05\/1000370626.jpg\" alt=\"\" class=\"wp-image-2197\" srcset=\"https:\/\/pasahoy.com.ar\/ph\/wp-content\/uploads\/2025\/05\/1000370626.jpg 924w, https:\/\/pasahoy.com.ar\/ph\/wp-content\/uploads\/2025\/05\/1000370626-289x300.jpg 289w, https:\/\/pasahoy.com.ar\/ph\/wp-content\/uploads\/2025\/05\/1000370626-768x798.jpg 768w\" sizes=\"auto, (max-width: 924px) 100vw, 924px\" \/><\/figure>\n<\/figure>\n\n\n\n<p>La joven comparti\u00f3 su emoci\u00f3n en redes sociales, donde expres\u00f3: \u201cTodav\u00eda me cuesta poner en palabras todo lo que viv\u00ed\u2026 Pero s\u00ed puedo decir que me sent\u00ed inmensamente feliz, plena y agradecida\u201d. Tambi\u00e9n agradeci\u00f3 el cari\u00f1o recibido y defini\u00f3 su paso por el concurso como una experiencia transformadora.<\/p>\n\n\n\n<p>Torres se mostr\u00f3 orgullosa de haber llegado tan lejos y de representar a La Rioja en un evento de alcance nacional. Su mensaje reflej\u00f3 la emoci\u00f3n de haber sido reconocida entre tantas mujeres talentosas y el valor de los lazos construidos durante el certamen.<\/p>\n","protected":false},"excerpt":{"rendered":"<p>Ayel\u00e9n Torres, licenciada en Educaci\u00f3n y profesora de Lengua y Literatura, represent\u00f3 a la provincia de La Rioja en Miss Universo Argentina 2025 y fue elegida como tercera finalista del certamen nacional, destac\u00e1ndose entre las 30 participantes de todo el pa\u00eds. La joven comparti\u00f3 su emoci\u00f3n en redes sociales, donde expres\u00f3: \u201cTodav\u00eda me cuesta poner [&hellip;]<\/p>\n","protected":false},"author":3,"featured_media":2197,"comment_status":"open","ping_status":"open","sticky":false,"template":"","format":"standard","meta":{"_jetpack_memberships_contains_paid_content":false,"footnotes":""},"categories":[5],"tags":[],"class_list":["post-2196","post","type-post","status-publish","format-standard","has-post-thumbnail","hentry","category-espectaculo"],"jetpack_featured_media_url":"https:\/\/pasahoy.com.ar\/ph\/wp-content\/uploads\/2025\/05\/1000370626.jpg","jetpack_sharing_enabled":true,"_links":{"self":[{"href":"https:\/\/pasahoy.com.ar\/ph\/wp-json\/wp\/v2\/posts\/2196","targetHints":{"allow":["GET"]}}],"collection":[{"href":"https:\/\/pasahoy.com.ar\/ph\/wp-json\/wp\/v2\/posts"}],"about":[{"href":"https:\/\/pasahoy.com.ar\/ph\/wp-json\/wp\/v2\/types\/post"}],"author":[{"embeddable":true,"href":"https:\/\/pasahoy.com.ar\/ph\/wp-json\/wp\/v2\/users\/3"}],"replies":[{"embeddable":true,"href":"https:\/\/pasahoy.com.ar\/ph\/wp-json\/wp\/v2\/comments?post=2196"}],"version-history":[{"count":1,"href":"https:\/\/pasahoy.com.ar\/ph\/wp-json\/wp\/v2\/posts\/2196\/revisions"}],"predecessor-version":[{"id":2198,"href":"https:\/\/pasahoy.com.ar\/ph\/wp-json\/wp\/v2\/posts\/2196\/revisions\/2198"}],"wp:featuredmedia":[{"embeddable":true,"href":"https:\/\/pasahoy.com.ar\/ph\/wp-json\/wp\/v2\/media\/2197"}],"wp:attachment":[{"href":"https:\/\/pasahoy.com.ar\/ph\/wp-json\/wp\/v2\/media?parent=2196"}],"wp:term":[{"taxonomy":"category","embeddable":true,"href":"https:\/\/pasahoy.com.ar\/ph\/wp-json\/wp\/v2\/categories?post=2196"},{"taxonomy":"post_tag","embeddable":true,"href":"https:\/\/pasahoy.com.ar\/ph\/wp-json\/wp\/v2\/tags?post=2196"}],"curies":[{"name":"wp","href":"https:\/\/api.w.org\/{rel}","templated":true}]}}