{"id":2189,"date":"2025-05-26T18:51:07","date_gmt":"2025-05-26T18:51:07","guid":{"rendered":"https:\/\/pasahoy.com.ar\/ph\/?p=2189"},"modified":"2025-05-26T18:51:21","modified_gmt":"2025-05-26T18:51:21","slug":"la-justicia-proceso-al-conductor-de-un-automovil-ante-lesiones-culposas-en-un-siniestro-de-transito","status":"publish","type":"post","link":"https:\/\/pasahoy.com.ar\/ph\/la-justicia-proceso-al-conductor-de-un-automovil-ante-lesiones-culposas-en-un-siniestro-de-transito\/","title":{"rendered":"LA JUSTICIA PROCES\u00d3 AL CONDUCTOR DE UN AUTOMOVIL ANTE LESIONES CULPOSAS EN UN SINIESTRO DE TRANSITO"},"content":{"rendered":"\n<p><br>El Juzgado de Instrucci\u00f3n en lo Criminal y Correccional N\u00b0 2 de la Primera Circunscripci\u00f3n Judicial, a cargo del Dr. H\u00e9ctor Daniel Barr\u00eda, resolvi\u00f3 procesar y ordenar prisi\u00f3n preventiva para un conductor de un autom\u00f3vil ante lesiones culposas en un accidente de tr\u00e1nsito.<\/p>\n\n\n\n<figure class=\"wp-block-gallery has-nested-images columns-default is-cropped wp-block-gallery-1 is-layout-flex wp-block-gallery-is-layout-flex\">\n<figure class=\"wp-block-image size-large\"><img loading=\"lazy\" decoding=\"async\" width=\"784\" height=\"555\" data-id=\"2190\" src=\"https:\/\/pasahoy.com.ar\/ph\/wp-content\/uploads\/2025\/05\/1000370314.jpg\" alt=\"\" class=\"wp-image-2190\" srcset=\"https:\/\/pasahoy.com.ar\/ph\/wp-content\/uploads\/2025\/05\/1000370314.jpg 784w, https:\/\/pasahoy.com.ar\/ph\/wp-content\/uploads\/2025\/05\/1000370314-300x212.jpg 300w, https:\/\/pasahoy.com.ar\/ph\/wp-content\/uploads\/2025\/05\/1000370314-768x544.jpg 768w\" sizes=\"auto, (max-width: 784px) 100vw, 784px\" \/><\/figure>\n<\/figure>\n\n\n\n<p>El hecho que se imputa, ocurri\u00f3 en el mes de abril del a\u00f1o pasado, en circunstancia donde se informa de un accidente sobre Av. Monse\u00f1or Angelelli de esta ciudad Capital. En el lugar, un auto modelo Corsa que era conducido por el imputado, colision\u00f3 con una motocicleta 110 cc, manejada por la victima, quien result\u00f3 gravemente herido y fue trasladado al nosocomio local.<\/p>\n\n\n\n<p>En la apertura del proceso se inicia la investigaci\u00f3n para determinar las responsabilidades y circunstancias espec\u00edficas, que surgen del acta de Inspecci\u00f3n ocular y placas fotogr\u00e1ficas entre otros documentos presentados. En el relato por parte de la v\u00edctima; manifest\u00f3 que se encontraba esperando el sem\u00e1foro, el mismo estaba en rojo y cuando tiene su pase, gira para continuar su destino y es ah\u00ed donde aparece el veh\u00edculo conducido por el imputado y sufre el impacto por el lado lateral derecho expuls\u00e1ndolo de la moto, el pierde la orientaci\u00f3n ya que lo elevo y lo arrastro unos metros por el asfalto mientras la motocicleta se encontraba debajo del autom\u00f3vil.<\/p>\n\n\n\n<p>El procesamiento sostiene que hay suficientes elementos de prueba para acreditar, con la probabilidad necesaria en esta instancia procesal, la responsabilidad del imputado. Se establece que, el conductor del auto podr\u00eda haber evitado riesgos lo que fue determinante para causar lesiones a la v\u00edctima debido al impacto del accidente ante maniobra que realizo.<\/p>\n\n\n\n<p>En virtud de las pruebas y elementos presentados, corresponde determinar la responsabilidad penal del acusado. El Magistrado resolvi\u00f3; dictar procesamiento y prisi\u00f3n preventiva, por el delito de lesiones culposas y en el mismo acto, se orden\u00f3 el embargo por la suma de un mill\u00f3n y medio de pesos.<\/p>\n","protected":false},"excerpt":{"rendered":"<p>El Juzgado de Instrucci\u00f3n en lo Criminal y Correccional N\u00b0 2 de la Primera Circunscripci\u00f3n Judicial, a cargo del Dr. H\u00e9ctor Daniel Barr\u00eda, resolvi\u00f3 procesar y ordenar prisi\u00f3n preventiva para un conductor de un autom\u00f3vil ante lesiones culposas en un accidente de tr\u00e1nsito. El hecho que se imputa, ocurri\u00f3 en el mes de abril del [&hellip;]<\/p>\n","protected":false},"author":3,"featured_media":2190,"comment_status":"open","ping_status":"open","sticky":false,"template":"","format":"standard","meta":{"_jetpack_memberships_contains_paid_content":false,"footnotes":""},"categories":[12],"tags":[],"class_list":["post-2189","post","type-post","status-publish","format-standard","has-post-thumbnail","hentry","category-judicial"],"jetpack_featured_media_url":"https:\/\/pasahoy.com.ar\/ph\/wp-content\/uploads\/2025\/05\/1000370314.jpg","jetpack_sharing_enabled":true,"_links":{"self":[{"href":"https:\/\/pasahoy.com.ar\/ph\/wp-json\/wp\/v2\/posts\/2189","targetHints":{"allow":["GET"]}}],"collection":[{"href":"https:\/\/pasahoy.com.ar\/ph\/wp-json\/wp\/v2\/posts"}],"about":[{"href":"https:\/\/pasahoy.com.ar\/ph\/wp-json\/wp\/v2\/types\/post"}],"author":[{"embeddable":true,"href":"https:\/\/pasahoy.com.ar\/ph\/wp-json\/wp\/v2\/users\/3"}],"replies":[{"embeddable":true,"href":"https:\/\/pasahoy.com.ar\/ph\/wp-json\/wp\/v2\/comments?post=2189"}],"version-history":[{"count":1,"href":"https:\/\/pasahoy.com.ar\/ph\/wp-json\/wp\/v2\/posts\/2189\/revisions"}],"predecessor-version":[{"id":2191,"href":"https:\/\/pasahoy.com.ar\/ph\/wp-json\/wp\/v2\/posts\/2189\/revisions\/2191"}],"wp:featuredmedia":[{"embeddable":true,"href":"https:\/\/pasahoy.com.ar\/ph\/wp-json\/wp\/v2\/media\/2190"}],"wp:attachment":[{"href":"https:\/\/pasahoy.com.ar\/ph\/wp-json\/wp\/v2\/media?parent=2189"}],"wp:term":[{"taxonomy":"category","embeddable":true,"href":"https:\/\/pasahoy.com.ar\/ph\/wp-json\/wp\/v2\/categories?post=2189"},{"taxonomy":"post_tag","embeddable":true,"href":"https:\/\/pasahoy.com.ar\/ph\/wp-json\/wp\/v2\/tags?post=2189"}],"curies":[{"name":"wp","href":"https:\/\/api.w.org\/{rel}","templated":true}]}}