{"id":2185,"date":"2025-05-26T18:49:09","date_gmt":"2025-05-26T18:49:09","guid":{"rendered":"https:\/\/pasahoy.com.ar\/ph\/?p=2185"},"modified":"2025-05-26T18:49:25","modified_gmt":"2025-05-26T18:49:25","slug":"la-justicia-continua-con-el-juicio-contra-un-hombre-por-delitos-contra-la-integridad-sexual-en-una-localidad-del-interior","status":"publish","type":"post","link":"https:\/\/pasahoy.com.ar\/ph\/la-justicia-continua-con-el-juicio-contra-un-hombre-por-delitos-contra-la-integridad-sexual-en-una-localidad-del-interior\/","title":{"rendered":"LA JUSTICIA CONTIN\u00daA CON EL JUICIO CONTRA UN HOMBRE POR DELITOS CONTRA LA INTEGRIDAD SEXUAL EN UNA LOCALIDAD DEL INTERIOR"},"content":{"rendered":"\n<p>En el Sal\u00f3n Auditorio del TSJ la C\u00e1mara Tercera en lo Criminal y Correccional de la Primera Circunscripci\u00f3n Judicial, con asiento en la ciudad capital, a cargo de los Dres. Gustavo D\u00edaz (presidente), Sara L\u00f3pez Douglas y Karina Cabral (vocales juezas); continuaron el juicio contra Rodrigo E.T., acusado del delito de abuso sexual con acceso carnal, tipificado en el C\u00f3digo Penal.<\/p>\n\n\n\n<figure class=\"wp-block-gallery has-nested-images columns-default is-cropped wp-block-gallery-1 is-layout-flex wp-block-gallery-is-layout-flex\">\n<figure class=\"wp-block-image size-large\"><img loading=\"lazy\" decoding=\"async\" width=\"805\" height=\"571\" data-id=\"2186\" src=\"https:\/\/pasahoy.com.ar\/ph\/wp-content\/uploads\/2025\/05\/1000370313.jpg\" alt=\"\" class=\"wp-image-2186\" srcset=\"https:\/\/pasahoy.com.ar\/ph\/wp-content\/uploads\/2025\/05\/1000370313.jpg 805w, https:\/\/pasahoy.com.ar\/ph\/wp-content\/uploads\/2025\/05\/1000370313-300x213.jpg 300w, https:\/\/pasahoy.com.ar\/ph\/wp-content\/uploads\/2025\/05\/1000370313-768x545.jpg 768w\" sizes=\"auto, (max-width: 805px) 100vw, 805px\" \/><\/figure>\n<\/figure>\n\n\n\n<p>El proceso est\u00e1 a cargo del tribunal colegiado integrado por el Dr. D\u00edaz y las Dras. L\u00f3pez Douglas y Cabral, con la intervenci\u00f3n del fiscal de C\u00e1mara Dr. Jos\u00e9 Oliveros Icazatti. En la jornada m\u00e1s reciente, se incorporaron nuevos testimonios clave y elementos probatorios.<\/p>\n\n\n\n<p>Durante la audiencia, un efectivo policial declar\u00f3 en calidad de testigo, relatando que, en febrero de 2022, durante una fiesta realizada en el marco de la tradicional celebraci\u00f3n de La Chaya, intervino en un incidente callejero donde se encontraba presente el imputado. Seg\u00fan su testimonio, al llegar al lugar fue informado por otro efectivo sobre una denuncia realizada por una joven, quien se\u00f1al\u00f3 haber sido v\u00edctima de un ataque en el interior del domicilio donde se desarrollaba la reuni\u00f3n.<\/p>\n\n\n\n<p>Siguiendo los protocolos establecidos, se dispuso la inmediata asistencia de personal femenino para contener a la denunciante y se realiz\u00f3 su traslado al hospital, donde fue atendida por profesionales de guardia.<\/p>\n\n\n\n<p>Tambi\u00e9n declar\u00f3 una bioqu\u00edmica de la Polic\u00eda T\u00e9cnica Judicial, quien inform\u00f3 que el an\u00e1lisis de muestras obtenidas en la investigaci\u00f3n, incluyendo prendas \u00edntimas, arroj\u00f3 resultados compatibles con contacto f\u00edsico. La prueba de ADN practicada posteriormente confirm\u00f3 la coincidencia gen\u00e9tica entre el imputado y la v\u00edctima, seg\u00fan detall\u00f3.<\/p>\n\n\n\n<p>Finalmente, se reprodujo el testimonio registrado en febrero de este a\u00f1o del m\u00e9dico forense, responsable del examen m\u00e9dico inicial. Aunque se\u00f1al\u00f3 no recordar en detalle el caso, afirm\u00f3 que su informe t\u00e9cnico describe la existencia de indicadores cl\u00ednicos compatibles con los hechos denunciados.<\/p>\n\n\n\n<p>El juicio continuar\u00e1 en los pr\u00f3ximos d\u00edas con la recepci\u00f3n de nuevos testimonios y la producci\u00f3n de pruebas ofrecidas por las partes.<\/p>\n","protected":false},"excerpt":{"rendered":"<p>En el Sal\u00f3n Auditorio del TSJ la C\u00e1mara Tercera en lo Criminal y Correccional de la Primera Circunscripci\u00f3n Judicial, con asiento en la ciudad capital, a cargo de los Dres. Gustavo D\u00edaz (presidente), Sara L\u00f3pez Douglas y Karina Cabral (vocales juezas); continuaron el juicio contra Rodrigo E.T., acusado del delito de abuso sexual con acceso [&hellip;]<\/p>\n","protected":false},"author":3,"featured_media":2186,"comment_status":"open","ping_status":"open","sticky":false,"template":"","format":"standard","meta":{"_jetpack_memberships_contains_paid_content":false,"footnotes":""},"categories":[12],"tags":[],"class_list":["post-2185","post","type-post","status-publish","format-standard","has-post-thumbnail","hentry","category-judicial"],"jetpack_featured_media_url":"https:\/\/pasahoy.com.ar\/ph\/wp-content\/uploads\/2025\/05\/1000370313.jpg","jetpack_sharing_enabled":true,"_links":{"self":[{"href":"https:\/\/pasahoy.com.ar\/ph\/wp-json\/wp\/v2\/posts\/2185","targetHints":{"allow":["GET"]}}],"collection":[{"href":"https:\/\/pasahoy.com.ar\/ph\/wp-json\/wp\/v2\/posts"}],"about":[{"href":"https:\/\/pasahoy.com.ar\/ph\/wp-json\/wp\/v2\/types\/post"}],"author":[{"embeddable":true,"href":"https:\/\/pasahoy.com.ar\/ph\/wp-json\/wp\/v2\/users\/3"}],"replies":[{"embeddable":true,"href":"https:\/\/pasahoy.com.ar\/ph\/wp-json\/wp\/v2\/comments?post=2185"}],"version-history":[{"count":1,"href":"https:\/\/pasahoy.com.ar\/ph\/wp-json\/wp\/v2\/posts\/2185\/revisions"}],"predecessor-version":[{"id":2187,"href":"https:\/\/pasahoy.com.ar\/ph\/wp-json\/wp\/v2\/posts\/2185\/revisions\/2187"}],"wp:featuredmedia":[{"embeddable":true,"href":"https:\/\/pasahoy.com.ar\/ph\/wp-json\/wp\/v2\/media\/2186"}],"wp:attachment":[{"href":"https:\/\/pasahoy.com.ar\/ph\/wp-json\/wp\/v2\/media?parent=2185"}],"wp:term":[{"taxonomy":"category","embeddable":true,"href":"https:\/\/pasahoy.com.ar\/ph\/wp-json\/wp\/v2\/categories?post=2185"},{"taxonomy":"post_tag","embeddable":true,"href":"https:\/\/pasahoy.com.ar\/ph\/wp-json\/wp\/v2\/tags?post=2185"}],"curies":[{"name":"wp","href":"https:\/\/api.w.org\/{rel}","templated":true}]}}