{"id":2179,"date":"2025-05-26T18:43:54","date_gmt":"2025-05-26T18:43:54","guid":{"rendered":"https:\/\/pasahoy.com.ar\/ph\/?p=2179"},"modified":"2025-05-26T18:44:21","modified_gmt":"2025-05-26T18:44:21","slug":"estrenan-la-segunda-temporada-de-la-serie-riojana-contra-el-olvido-en-espacio-73","status":"publish","type":"post","link":"https:\/\/pasahoy.com.ar\/ph\/estrenan-la-segunda-temporada-de-la-serie-riojana-contra-el-olvido-en-espacio-73\/","title":{"rendered":"Estrenan la segunda temporada de la serie riojana \u201cContra el olvido\u201d en Espacio 73"},"content":{"rendered":"\n<p><em>El lunes 26 de mayo a las 19 horas se presentar\u00e1 una nueva entrega del proyecto audiovisual que recupera relatos de v\u00edctimas del terrorismo de Estado. La producci\u00f3n, con participaci\u00f3n de artistas y t\u00e9cnicos locales, incluye nueve cap\u00edtulos y estar\u00e1 disponible en la plataforma Late Play.<\/em><\/p>\n\n\n\n<figure class=\"wp-block-gallery has-nested-images columns-default is-cropped wp-block-gallery-1 is-layout-flex wp-block-gallery-is-layout-flex\">\n<figure class=\"wp-block-image size-large\"><img loading=\"lazy\" decoding=\"async\" width=\"1024\" height=\"576\" data-id=\"2180\" src=\"https:\/\/pasahoy.com.ar\/ph\/wp-content\/uploads\/2025\/05\/1000370312-1024x576.jpg\" alt=\"\" class=\"wp-image-2180\" srcset=\"https:\/\/pasahoy.com.ar\/ph\/wp-content\/uploads\/2025\/05\/1000370312-1024x576.jpg 1024w, https:\/\/pasahoy.com.ar\/ph\/wp-content\/uploads\/2025\/05\/1000370312-300x169.jpg 300w, https:\/\/pasahoy.com.ar\/ph\/wp-content\/uploads\/2025\/05\/1000370312-768x432.jpg 768w, https:\/\/pasahoy.com.ar\/ph\/wp-content\/uploads\/2025\/05\/1000370312-1536x864.jpg 1536w, https:\/\/pasahoy.com.ar\/ph\/wp-content\/uploads\/2025\/05\/1000370312.jpg 1600w\" sizes=\"auto, (max-width: 1024px) 100vw, 1024px\" \/><\/figure>\n<\/figure>\n\n\n\n<p>La segunda temporada de la serie documental riojana Contra el olvido: historias de resistencia se estrenar\u00e1 el pr\u00f3ximo lunes 26 de mayo, a las 19 horas, en la sala del Espacio 73. Se trata de una producci\u00f3n \u00edntegramente riojana, dirigida por Ismael Fuentes Navarro, coproducida con la plataforma Late Play y con el apoyo del Gobierno de La Rioja, a trav\u00e9s de las secretar\u00edas de Comunicaci\u00f3n y Planificaci\u00f3n P\u00fablica y Derechos Humanos.<br>La serie, que entrelaza testimonios de personas que sufrieron el terrorismo de Estado en carne propia, contar\u00e1 en esta segunda temporada con nueve cap\u00edtulos. A trav\u00e9s de sus relatos, se reconstruyen memorias \u00edntimas y colectivas, dejando en claro que la lucha por la memoria es tambi\u00e9n una forma de resistencia.<br>En esta ocasi\u00f3n, los entrevistados son: Diana Guzm\u00e1n, Lucila Maraga, Maritina Cubil\u00f3, Maricha Illanez, Ana Paoletti, Ramiro Menna, Marcela Mercado Luna, Diana Quir\u00f3s y el Equipo de Acompa\u00f1amiento integrado por la doctora Mar\u00eda Cristina Kaufman y las licenciadas Laura Seppi y Soledad Casta\u00f1o.<br>Cada cap\u00edtulo cuenta, adem\u00e1s, con la participaci\u00f3n de artistas locales. En total, m\u00e1s de 40 personas estuvieron involucradas en la producci\u00f3n: desde direcci\u00f3n y t\u00e9cnicos de c\u00e1mara y sonido, hasta artistas e invitados riojanos.<br>Fomentar este tipo de producciones no solo representa una apuesta por la industria audiovisual local, sino tambi\u00e9n por el derecho a la expresi\u00f3n, la memoria y la soberan\u00eda cultural. Es en este cruce entre creaci\u00f3n y pol\u00edtica donde se construyen narrativas que reflejan qui\u00e9nes fuimos, qui\u00e9nes somos y hacia d\u00f3nde queremos ir.<br>La primera temporada, tambi\u00e9n producida \u00edntegramente en la provincia, est\u00e1 disponible en su totalidad en la plataforma Late Play (lateplay.larioja.gob.ar), donde tambi\u00e9n puede encontrarse un amplio cat\u00e1logo de producciones riojanas.<br>El proyecto cuenta con el apoyo del Gobierno de La Rioja y del gobernador Ricardo Quintela; la Secretar\u00eda de Derechos Humanos, a cargo de Delfor Brizuela, y la Secretar\u00eda de Comunicaci\u00f3n y Planificaci\u00f3n P\u00fablica, a cargo de Luz Sant\u00e1ngelo Carrizo.<\/p>\n\n\n\n<p><em>Ficha T\u00e9cnica<\/em><br>Conducci\u00f3n: Pano Navazo<br>Direcci\u00f3n: Ismael Fuentes Navarro<br>Producci\u00f3n general: Emilia Tapia<br>Coproducci\u00f3n: Late Play<br>Direcci\u00f3n de fotograf\u00eda: Santiago Domene<br>Direcci\u00f3n de arte: Marcos Dom\u00ednguez y Santiago Domene<br>C\u00e1maras: Pablo Puglisi, Ricky Ben\u00edtez, Nicol\u00e1s Leautier, Santiago Domene<br>Asistentes de producci\u00f3n: Sergio Zalazar, \u00c1ngeles Mendoza Herrera, Luc\u00eda Saleh, Fabrizio Vergari<br>Foto fija: Marcos Dom\u00ednguez<br>Sonido: Joaqu\u00edn Luna Tello, Fernando Fuentes<br>Grip \/ El\u00e9ctrico: Adri\u00e1n Di Natale<br>Data manager: Federico Mercado<br>Maquillaje: Tebby L\u00f3pez<br>Banda sonora: Balbina D\u00edaz, Leo Domene, Leonel Guzm\u00e1n<br>Mezcla y mastering: Casa Laurel<br>Catering: Mar\u00eda Elena Rivas<\/p>\n","protected":false},"excerpt":{"rendered":"<p>El lunes 26 de mayo a las 19 horas se presentar\u00e1 una nueva entrega del proyecto audiovisual que recupera relatos de v\u00edctimas del terrorismo de Estado. La producci\u00f3n, con participaci\u00f3n de artistas y t\u00e9cnicos locales, incluye nueve cap\u00edtulos y estar\u00e1 disponible en la plataforma Late Play. La segunda temporada de la serie documental riojana Contra [&hellip;]<\/p>\n","protected":false},"author":3,"featured_media":2180,"comment_status":"open","ping_status":"open","sticky":false,"template":"","format":"standard","meta":{"_jetpack_memberships_contains_paid_content":false,"footnotes":""},"categories":[5],"tags":[],"class_list":["post-2179","post","type-post","status-publish","format-standard","has-post-thumbnail","hentry","category-espectaculo"],"jetpack_featured_media_url":"https:\/\/pasahoy.com.ar\/ph\/wp-content\/uploads\/2025\/05\/1000370312.jpg","jetpack_sharing_enabled":true,"_links":{"self":[{"href":"https:\/\/pasahoy.com.ar\/ph\/wp-json\/wp\/v2\/posts\/2179","targetHints":{"allow":["GET"]}}],"collection":[{"href":"https:\/\/pasahoy.com.ar\/ph\/wp-json\/wp\/v2\/posts"}],"about":[{"href":"https:\/\/pasahoy.com.ar\/ph\/wp-json\/wp\/v2\/types\/post"}],"author":[{"embeddable":true,"href":"https:\/\/pasahoy.com.ar\/ph\/wp-json\/wp\/v2\/users\/3"}],"replies":[{"embeddable":true,"href":"https:\/\/pasahoy.com.ar\/ph\/wp-json\/wp\/v2\/comments?post=2179"}],"version-history":[{"count":1,"href":"https:\/\/pasahoy.com.ar\/ph\/wp-json\/wp\/v2\/posts\/2179\/revisions"}],"predecessor-version":[{"id":2181,"href":"https:\/\/pasahoy.com.ar\/ph\/wp-json\/wp\/v2\/posts\/2179\/revisions\/2181"}],"wp:featuredmedia":[{"embeddable":true,"href":"https:\/\/pasahoy.com.ar\/ph\/wp-json\/wp\/v2\/media\/2180"}],"wp:attachment":[{"href":"https:\/\/pasahoy.com.ar\/ph\/wp-json\/wp\/v2\/media?parent=2179"}],"wp:term":[{"taxonomy":"category","embeddable":true,"href":"https:\/\/pasahoy.com.ar\/ph\/wp-json\/wp\/v2\/categories?post=2179"},{"taxonomy":"post_tag","embeddable":true,"href":"https:\/\/pasahoy.com.ar\/ph\/wp-json\/wp\/v2\/tags?post=2179"}],"curies":[{"name":"wp","href":"https:\/\/api.w.org\/{rel}","templated":true}]}}