{"id":2174,"date":"2025-05-26T18:42:58","date_gmt":"2025-05-26T18:42:58","guid":{"rendered":"https:\/\/pasahoy.com.ar\/ph\/?p=2174"},"modified":"2025-05-26T18:42:58","modified_gmt":"2025-05-26T18:42:58","slug":"banco-rioja-refuerza-su-presencia-en-la-zona-sur-de-capital-con-un-nuevo-centro-de-pagos","status":"publish","type":"post","link":"https:\/\/pasahoy.com.ar\/ph\/banco-rioja-refuerza-su-presencia-en-la-zona-sur-de-capital-con-un-nuevo-centro-de-pagos\/","title":{"rendered":"Banco Rioja refuerza su presencia en la zona sur de Capital con un nuevo centro de pagos"},"content":{"rendered":"\n<p><em>En el predio donde funcionaba ANSES hasta su cierre por decisi\u00f3n del gobierno nacional, el Banco Rioja inaugur\u00f3 una sede con atenci\u00f3n integral, cajeros autom\u00e1ticos y cajas humanas. La medida busca descentralizar los servicios financieros y garantizar el acceso en un sector habitado por m\u00e1s de 50 mil personas.<\/em><\/p>\n\n\n\n<figure class=\"wp-block-gallery has-nested-images columns-default is-cropped wp-block-gallery-1 is-layout-flex wp-block-gallery-is-layout-flex\">\n<figure class=\"wp-block-image size-large\"><img loading=\"lazy\" decoding=\"async\" width=\"1024\" height=\"682\" data-id=\"2177\" src=\"https:\/\/pasahoy.com.ar\/ph\/wp-content\/uploads\/2025\/05\/1000370309-1024x682.jpg\" alt=\"\" class=\"wp-image-2177\" srcset=\"https:\/\/pasahoy.com.ar\/ph\/wp-content\/uploads\/2025\/05\/1000370309-1024x682.jpg 1024w, https:\/\/pasahoy.com.ar\/ph\/wp-content\/uploads\/2025\/05\/1000370309-300x200.jpg 300w, https:\/\/pasahoy.com.ar\/ph\/wp-content\/uploads\/2025\/05\/1000370309-768x512.jpg 768w, https:\/\/pasahoy.com.ar\/ph\/wp-content\/uploads\/2025\/05\/1000370309-1536x1024.jpg 1536w, https:\/\/pasahoy.com.ar\/ph\/wp-content\/uploads\/2025\/05\/1000370309-2048x1365.jpg 2048w\" sizes=\"auto, (max-width: 1024px) 100vw, 1024px\" \/><\/figure>\n\n\n\n<figure class=\"wp-block-image size-large\"><img loading=\"lazy\" decoding=\"async\" width=\"1024\" height=\"682\" data-id=\"2176\" src=\"https:\/\/pasahoy.com.ar\/ph\/wp-content\/uploads\/2025\/05\/1000370311-1024x682.jpg\" alt=\"\" class=\"wp-image-2176\" srcset=\"https:\/\/pasahoy.com.ar\/ph\/wp-content\/uploads\/2025\/05\/1000370311-1024x682.jpg 1024w, https:\/\/pasahoy.com.ar\/ph\/wp-content\/uploads\/2025\/05\/1000370311-300x200.jpg 300w, https:\/\/pasahoy.com.ar\/ph\/wp-content\/uploads\/2025\/05\/1000370311-768x512.jpg 768w, https:\/\/pasahoy.com.ar\/ph\/wp-content\/uploads\/2025\/05\/1000370311-1536x1024.jpg 1536w, https:\/\/pasahoy.com.ar\/ph\/wp-content\/uploads\/2025\/05\/1000370311-2048x1365.jpg 2048w\" sizes=\"auto, (max-width: 1024px) 100vw, 1024px\" \/><\/figure>\n\n\n\n<figure class=\"wp-block-image size-large\"><img loading=\"lazy\" decoding=\"async\" width=\"1024\" height=\"682\" data-id=\"2175\" src=\"https:\/\/pasahoy.com.ar\/ph\/wp-content\/uploads\/2025\/05\/1000370310-1024x682.jpg\" alt=\"\" class=\"wp-image-2175\" srcset=\"https:\/\/pasahoy.com.ar\/ph\/wp-content\/uploads\/2025\/05\/1000370310-1024x682.jpg 1024w, https:\/\/pasahoy.com.ar\/ph\/wp-content\/uploads\/2025\/05\/1000370310-300x200.jpg 300w, https:\/\/pasahoy.com.ar\/ph\/wp-content\/uploads\/2025\/05\/1000370310-768x512.jpg 768w, https:\/\/pasahoy.com.ar\/ph\/wp-content\/uploads\/2025\/05\/1000370310-1536x1024.jpg 1536w, https:\/\/pasahoy.com.ar\/ph\/wp-content\/uploads\/2025\/05\/1000370310-2048x1365.jpg 2048w\" sizes=\"auto, (max-width: 1024px) 100vw, 1024px\" \/><\/figure>\n<\/figure>\n\n\n\n<p>El gobernador Ricardo Quintela encabez\u00f3 este lunes la inauguraci\u00f3n de un nuevo centro de pagos del Banco Rioja, ubicado en la sede del Parque de la Familia, en la zona sur de la Capital. Desde ahora, la entidad bancaria contar\u00e1 con un espacio pensado para mejorar la atenci\u00f3n y acercar m\u00e1s servicios a la comunidad de ese sector de la ciudad.<br>En su discurso, el mandatario record\u00f3 que en ese lugar funcionaba anteriormente una sede de ANSES y afirm\u00f3 que \u201ccuando esto se cerr\u00f3 como ANSES, construimos esta instalaci\u00f3n para brindar un servicio m\u00e1s eficiente, y comenzamos a evaluar el espacio f\u00edsico, alejado del centro de la ciudad. Tomamos la decisi\u00f3n de que el banco pudiera instalarse en este sector, que cuenta con alrededor de 50 mil viviendas\u201d.<br>Asimismo, Quintela destac\u00f3 que \u201ceste sector necesita un servicio m\u00e1s accesible y cercano, porque la cercan\u00eda es fundamental. Construir esperanzas en la sociedad es una tarea de todos\u201d.<br>El Gobernador tambi\u00e9n llam\u00f3 a no bajar los brazos ante la coyuntura: \u201cIndependientemente de la situaci\u00f3n que atraviesa el pa\u00eds y la provincia, no es momento de rendirse. Debemos seguir de pie, a pesar de todo\u201d, dijo.<br>M\u00e1s adelante, en di\u00e1logo con los medios, sostuvo que esta inauguraci\u00f3n mejora el acceso de la poblaci\u00f3n a los servicios financieros: \u201cEn este momento de austeridad y crisis en la Rep\u00fablica Argentina, estamos con una vocaci\u00f3n constructiva\u201d. \u201cSe podr\u00e1 consultar, disponer de un cajero autom\u00e1tico y acceder a todos los servicios que ofrece el banco. El Banco Rioja tiene presencia en todos los departamentos, y eso demuestra que el Estado trata de estar presente para garantizar el acceso\u201d, enfatiz\u00f3.<br>Por otra parte, Quintela tambi\u00e9n anticip\u00f3 que en los pr\u00f3ximos d\u00edas participar\u00e1 de una reuni\u00f3n con mandatarios provinciales de distintos espacios pol\u00edticos, para analizar la situaci\u00f3n del pa\u00eds, a la que calific\u00f3 como \u201ccada vez m\u00e1s grave\u201d. \u201cCreo que hay que ponerle un freno. Debemos trazar un camino conjunto para modificar esta situaci\u00f3n cr\u00edtica\u201d, expres\u00f3.<\/p>\n\n\n\n<p><em>Acceso bancario y servicios integrales<\/em><br>Por su parte, el vicepresidente del Banco Rioja, Marcelo Becerra, destac\u00f3 que la inauguraci\u00f3n del nuevo centro de pagos tiene un valor simb\u00f3lico, ya que en ese mismo espacio funcionaba la oficina de ANSES, clausurada por decisi\u00f3n del gobierno nacional.<br>\u201cLa inauguraci\u00f3n de esta obra tiene sentimientos encontrados, porque aqu\u00ed funcionaba ANSES, que atend\u00eda entre 200 y 300 personas por d\u00eda y ayudaba a descongestionar el centro. Pero, por decisi\u00f3n del gobierno de Milei, se cerr\u00f3 un servicio muy importante para todos, dejando a 12 empleados sin trabajo. Hay que aclarar c\u00f3mo destruyen\u201d, se\u00f1al\u00f3.<br>\u201cHemos estado trabajando con la comunidad, que nos remarcaba cu\u00e1nto valoraba ese servicio. Por eso ahora celebramos este acierto de instalar el Banco Rioja, que contar\u00e1 con seis cajeros autom\u00e1ticos y cuatro cajas humanas para cobros. Tambi\u00e9n habr\u00e1 dos centros de atenci\u00f3n integral, con una azafata de atenci\u00f3n r\u00e1pida en horario bancario\u201d, detall\u00f3.<br>Becerra agradeci\u00f3 especialmente al gobernador Ricardo Quintela por confiar esta tarea, as\u00ed como tambi\u00e9n a Omar G\u00f3mez y al ministro Federico Baz\u00e1n, a quienes defini\u00f3 como pilares fundamentales para concretar el proyecto.<br>El acto cont\u00f3 con la presencia del intendente de la Capital, Armando Molina; el ministro de Trabajo, Empleo, Industria y Miner\u00eda, Federico Baz\u00e1n; autoridades provinciales, funcionarios del Banco Rioja y vecinos de la zona.<\/p>\n","protected":false},"excerpt":{"rendered":"<p>En el predio donde funcionaba ANSES hasta su cierre por decisi\u00f3n del gobierno nacional, el Banco Rioja inaugur\u00f3 una sede con atenci\u00f3n integral, cajeros autom\u00e1ticos y cajas humanas. La medida busca descentralizar los servicios financieros y garantizar el acceso en un sector habitado por m\u00e1s de 50 mil personas. El gobernador Ricardo Quintela encabez\u00f3 este [&hellip;]<\/p>\n","protected":false},"author":3,"featured_media":2177,"comment_status":"open","ping_status":"open","sticky":false,"template":"","format":"standard","meta":{"_jetpack_memberships_contains_paid_content":false,"footnotes":""},"categories":[1],"tags":[],"class_list":["post-2174","post","type-post","status-publish","format-standard","has-post-thumbnail","hentry","category-local"],"jetpack_featured_media_url":"https:\/\/pasahoy.com.ar\/ph\/wp-content\/uploads\/2025\/05\/1000370309.jpg","jetpack_sharing_enabled":true,"_links":{"self":[{"href":"https:\/\/pasahoy.com.ar\/ph\/wp-json\/wp\/v2\/posts\/2174","targetHints":{"allow":["GET"]}}],"collection":[{"href":"https:\/\/pasahoy.com.ar\/ph\/wp-json\/wp\/v2\/posts"}],"about":[{"href":"https:\/\/pasahoy.com.ar\/ph\/wp-json\/wp\/v2\/types\/post"}],"author":[{"embeddable":true,"href":"https:\/\/pasahoy.com.ar\/ph\/wp-json\/wp\/v2\/users\/3"}],"replies":[{"embeddable":true,"href":"https:\/\/pasahoy.com.ar\/ph\/wp-json\/wp\/v2\/comments?post=2174"}],"version-history":[{"count":1,"href":"https:\/\/pasahoy.com.ar\/ph\/wp-json\/wp\/v2\/posts\/2174\/revisions"}],"predecessor-version":[{"id":2178,"href":"https:\/\/pasahoy.com.ar\/ph\/wp-json\/wp\/v2\/posts\/2174\/revisions\/2178"}],"wp:featuredmedia":[{"embeddable":true,"href":"https:\/\/pasahoy.com.ar\/ph\/wp-json\/wp\/v2\/media\/2177"}],"wp:attachment":[{"href":"https:\/\/pasahoy.com.ar\/ph\/wp-json\/wp\/v2\/media?parent=2174"}],"wp:term":[{"taxonomy":"category","embeddable":true,"href":"https:\/\/pasahoy.com.ar\/ph\/wp-json\/wp\/v2\/categories?post=2174"},{"taxonomy":"post_tag","embeddable":true,"href":"https:\/\/pasahoy.com.ar\/ph\/wp-json\/wp\/v2\/tags?post=2174"}],"curies":[{"name":"wp","href":"https:\/\/api.w.org\/{rel}","templated":true}]}}