{"id":2171,"date":"2025-05-25T04:12:46","date_gmt":"2025-05-25T04:12:46","guid":{"rendered":"https:\/\/pasahoy.com.ar\/ph\/?p=2171"},"modified":"2025-05-25T04:13:01","modified_gmt":"2025-05-25T04:13:01","slug":"terror-en-alemania-al-menos-17-heridos-tras-ser-atacados-a-cuchillazos-por-una-mujer","status":"publish","type":"post","link":"https:\/\/pasahoy.com.ar\/ph\/terror-en-alemania-al-menos-17-heridos-tras-ser-atacados-a-cuchillazos-por-una-mujer\/","title":{"rendered":"Terror en Alemania: al menos 17 heridos tras ser atacados a cuchillazos por una mujer"},"content":{"rendered":"\n<p>La agresi\u00f3n fue en la estaci\u00f3n central de trenes de Hamburgo. Varios de los afectados est\u00e1n en estado cr\u00edtico. <\/p>\n\n\n\n<p><strong>Una mujer atac\u00f3 a cuchillazos a un grupo de personas<\/strong>\u00a0en la estaci\u00f3n central de trenes de Hamburgo, en Alemania. La agresi\u00f3n dej\u00f3\u00a0<strong>al menos 17 heridos<\/strong>. Varias de ellos est\u00e1n en estado cr\u00edtico. <\/p>\n\n\n\n<p>El hecho ocurri\u00f3 alrededor de las 18 horas de Alemania, este viernes 23 mayo. La Polic\u00eda de Hamburgo indic\u00f3 que\u00a0<strong>la atacante, de 39 a\u00f1os, actu\u00f3 sola<\/strong>. Fue detenida en el sitio sin presentar resistencia. <\/p>\n\n\n\n<p><br>De acuerdo con la Polic\u00eda de Hamburgo, no hay indicios de que la agresora tuviera una&nbsp;<strong>motivaci\u00f3n pol\u00edtica<\/strong>. Una de las hip\u00f3tesis que las autoridades manejan es que pudo tratarse de un ataque derivado de una&nbsp;<strong>condici\u00f3n de inestabilidad psicol\u00f3gica<\/strong>.<\/p>\n\n\n\n<p>El ataque fue entre los<strong>&nbsp;andenes 13 y 14<\/strong>, en un momento en el que comienzan los desplazamientos por vacaciones escolares de Pentecost\u00e9s en Alemania. En ese contexto, la estaci\u00f3n estaba llena de personas. Esto complic\u00f3 tanto la atenci\u00f3n como la detenci\u00f3n de la mujer, quien result\u00f3 herida: las autoridades indicaron que&nbsp;<strong>se apu\u00f1al\u00f3 a s\u00ed misma durante el incidente<\/strong>.<\/p>\n\n\n\n<p>Ante el hecho, se activ\u00f3 un dispositivo policial y de emergencias en el sitio. Las v\u00edctimas pudieron ser atendidas en una primera instancia y la situaci\u00f3n se control\u00f3. Seg\u00fan pudo saber&nbsp;<em>Bild<\/em>,&nbsp;<strong>4 de los 17 heridos est\u00e1n en condici\u00f3n grave y el pron\u00f3stico es reservado<\/strong>.<\/p>\n\n\n\n<p>El operador ferroviario Deutsche Bahn, quien estaba por conducir un tren de alta velocidad cuando ocurri\u00f3 el hecho, dijo estar \u201c<strong>profundamente conmocionado<\/strong>\u201d por el ataque. Cuatro v\u00edas de la estaci\u00f3n fueron cerradas.<\/p>\n\n\n\n<figure class=\"wp-block-gallery has-nested-images columns-default is-cropped wp-block-gallery-1 is-layout-flex wp-block-gallery-is-layout-flex\">\n<figure class=\"wp-block-image size-large\"><img loading=\"lazy\" decoding=\"async\" width=\"944\" height=\"532\" data-id=\"2172\" src=\"https:\/\/pasahoy.com.ar\/ph\/wp-content\/uploads\/2025\/05\/1000366685.png\" alt=\"\" class=\"wp-image-2172\" srcset=\"https:\/\/pasahoy.com.ar\/ph\/wp-content\/uploads\/2025\/05\/1000366685.png 944w, https:\/\/pasahoy.com.ar\/ph\/wp-content\/uploads\/2025\/05\/1000366685-300x169.png 300w, https:\/\/pasahoy.com.ar\/ph\/wp-content\/uploads\/2025\/05\/1000366685-768x433.png 768w\" sizes=\"auto, (max-width: 944px) 100vw, 944px\" \/><\/figure>\n<\/figure>\n","protected":false},"excerpt":{"rendered":"<p>La agresi\u00f3n fue en la estaci\u00f3n central de trenes de Hamburgo. Varios de los afectados est\u00e1n en estado cr\u00edtico. Una mujer atac\u00f3 a cuchillazos a un grupo de personas\u00a0en la estaci\u00f3n central de trenes de Hamburgo, en Alemania. La agresi\u00f3n dej\u00f3\u00a0al menos 17 heridos. Varias de ellos est\u00e1n en estado cr\u00edtico. El hecho ocurri\u00f3 alrededor [&hellip;]<\/p>\n","protected":false},"author":3,"featured_media":2172,"comment_status":"open","ping_status":"open","sticky":false,"template":"","format":"standard","meta":{"_jetpack_memberships_contains_paid_content":false,"footnotes":""},"categories":[3],"tags":[],"class_list":["post-2171","post","type-post","status-publish","format-standard","has-post-thumbnail","hentry","category-internacional"],"jetpack_featured_media_url":"https:\/\/pasahoy.com.ar\/ph\/wp-content\/uploads\/2025\/05\/1000366685.png","jetpack_sharing_enabled":true,"_links":{"self":[{"href":"https:\/\/pasahoy.com.ar\/ph\/wp-json\/wp\/v2\/posts\/2171","targetHints":{"allow":["GET"]}}],"collection":[{"href":"https:\/\/pasahoy.com.ar\/ph\/wp-json\/wp\/v2\/posts"}],"about":[{"href":"https:\/\/pasahoy.com.ar\/ph\/wp-json\/wp\/v2\/types\/post"}],"author":[{"embeddable":true,"href":"https:\/\/pasahoy.com.ar\/ph\/wp-json\/wp\/v2\/users\/3"}],"replies":[{"embeddable":true,"href":"https:\/\/pasahoy.com.ar\/ph\/wp-json\/wp\/v2\/comments?post=2171"}],"version-history":[{"count":1,"href":"https:\/\/pasahoy.com.ar\/ph\/wp-json\/wp\/v2\/posts\/2171\/revisions"}],"predecessor-version":[{"id":2173,"href":"https:\/\/pasahoy.com.ar\/ph\/wp-json\/wp\/v2\/posts\/2171\/revisions\/2173"}],"wp:featuredmedia":[{"embeddable":true,"href":"https:\/\/pasahoy.com.ar\/ph\/wp-json\/wp\/v2\/media\/2172"}],"wp:attachment":[{"href":"https:\/\/pasahoy.com.ar\/ph\/wp-json\/wp\/v2\/media?parent=2171"}],"wp:term":[{"taxonomy":"category","embeddable":true,"href":"https:\/\/pasahoy.com.ar\/ph\/wp-json\/wp\/v2\/categories?post=2171"},{"taxonomy":"post_tag","embeddable":true,"href":"https:\/\/pasahoy.com.ar\/ph\/wp-json\/wp\/v2\/tags?post=2171"}],"curies":[{"name":"wp","href":"https:\/\/api.w.org\/{rel}","templated":true}]}}