{"id":2160,"date":"2025-05-25T04:03:24","date_gmt":"2025-05-25T04:03:24","guid":{"rendered":"https:\/\/pasahoy.com.ar\/ph\/?p=2160"},"modified":"2025-05-25T04:03:24","modified_gmt":"2025-05-25T04:03:24","slug":"educacion-y-la-municipalidad-de-capital-firmaron-convenios-para-capacitar-a-trabajadores-y-estudiantes","status":"publish","type":"post","link":"https:\/\/pasahoy.com.ar\/ph\/educacion-y-la-municipalidad-de-capital-firmaron-convenios-para-capacitar-a-trabajadores-y-estudiantes\/","title":{"rendered":"Educaci\u00f3n y la Municipalidad de Capital firmaron convenios para capacitar a trabajadores y estudiantes"},"content":{"rendered":"\n<p><em>Los acuerdos incluyen formaci\u00f3n laboral para empleados municipales, cursos de oficio con certificaci\u00f3n oficial y capacitaciones espec\u00edficas para oficiales de seguridad p\u00fablica. Tambi\u00e9n participaron alumnos del Colegio Provincial N\u00b013, que iniciar\u00e1n un taller de empleabilidad.<\/em><\/p>\n\n\n\n<figure class=\"wp-block-gallery has-nested-images columns-default is-cropped wp-block-gallery-1 is-layout-flex wp-block-gallery-is-layout-flex\">\n<figure class=\"wp-block-image size-large\"><img loading=\"lazy\" decoding=\"async\" width=\"1024\" height=\"682\" data-id=\"2162\" src=\"https:\/\/pasahoy.com.ar\/ph\/wp-content\/uploads\/2025\/05\/1000366670-1024x682.jpg\" alt=\"\" class=\"wp-image-2162\" srcset=\"https:\/\/pasahoy.com.ar\/ph\/wp-content\/uploads\/2025\/05\/1000366670-1024x682.jpg 1024w, https:\/\/pasahoy.com.ar\/ph\/wp-content\/uploads\/2025\/05\/1000366670-300x200.jpg 300w, https:\/\/pasahoy.com.ar\/ph\/wp-content\/uploads\/2025\/05\/1000366670-768x512.jpg 768w, https:\/\/pasahoy.com.ar\/ph\/wp-content\/uploads\/2025\/05\/1000366670.jpg 1280w\" sizes=\"auto, (max-width: 1024px) 100vw, 1024px\" \/><\/figure>\n\n\n\n<figure class=\"wp-block-image size-large\"><img loading=\"lazy\" decoding=\"async\" width=\"1024\" height=\"682\" data-id=\"2161\" src=\"https:\/\/pasahoy.com.ar\/ph\/wp-content\/uploads\/2025\/05\/1000366669-1024x682.jpg\" alt=\"\" class=\"wp-image-2161\" srcset=\"https:\/\/pasahoy.com.ar\/ph\/wp-content\/uploads\/2025\/05\/1000366669-1024x682.jpg 1024w, https:\/\/pasahoy.com.ar\/ph\/wp-content\/uploads\/2025\/05\/1000366669-300x200.jpg 300w, https:\/\/pasahoy.com.ar\/ph\/wp-content\/uploads\/2025\/05\/1000366669-768x512.jpg 768w, https:\/\/pasahoy.com.ar\/ph\/wp-content\/uploads\/2025\/05\/1000366669.jpg 1280w\" sizes=\"auto, (max-width: 1024px) 100vw, 1024px\" \/><\/figure>\n<\/figure>\n\n\n\n<p>Este viernes, el Ministerio de Educaci\u00f3n de La Rioja y la Municipalidad del departamento Capital firmaron tres convenios que establecen un marco de cooperaci\u00f3n y articulaci\u00f3n entre ambas instituciones. Los acuerdos contemplan acciones para la terminalidad educativa, capacitaci\u00f3n y formaci\u00f3n laboral para trabajadores municipales; el dictado del taller \u201cConfeccionista de Ropa Blanca\u201d, y la capacitaci\u00f3n de oficiales de seguridad p\u00fablica.<br>La firma se realiz\u00f3 en el edificio municipal y fue encabezada por el ministro de Educaci\u00f3n, Ariel Mart\u00ednez, y el intendente capitalino, Armando Molina.<br>Previo al acto, se llev\u00f3 a cabo el izamiento de banderas en la explanada del municipio, con la participaci\u00f3n de directivos y estudiantes del Colegio Provincial N\u00b013 \u201cRam\u00f3n Navarro\u201d, quienes formar\u00e1n parte de la capacitaci\u00f3n \u201cMi primer empleo\u201d.<br>En ese marco, el rector de la instituci\u00f3n, Daniel D\u00edaz, agradeci\u00f3 la convocatoria y destac\u00f3 el valor de estas propuestas formativas para su comunidad educativa, ubicada en la zona Sur de la ciudad y con una extensi\u00f3n \u00e1ulica en Bajo Hondo.<\/p>\n\n\n\n<p><em>Los convenios firmados establecen:<\/em><br><em>&#8211; Terminalidad educativa y formaci\u00f3n laboral:<\/em> Incluye nivel primario, secundario (Plan FinEs), formaci\u00f3n profesional y capacitaciones laborales dirigidas a agentes municipales. Las actividades se integran al Plan Provincial de Educaci\u00f3n \u201cRosario Vera Pe\u00f1aloza\u201d y al Programa de Alfabetizaci\u00f3n 1 2 3 \u201cAprendemos Juntos La Rioja\u201d.<br><em>&#8211; Formaci\u00f3n profesional en confecci\u00f3n de ropa blanca:<\/em> El curso se dictar\u00e1 en el Aula Taller M\u00f3vil a partir del 26 de mayo, los d\u00edas lunes, mi\u00e9rcoles y viernes. Se entregar\u00e1n certificados oficiales a quienes cumplan con el 80% de asistencia, aprueben los m\u00f3dulos y las pr\u00e1cticas profesionalizantes establecidas.<br><em>&#8211; Capacitaci\u00f3n para oficiales de seguridad p\u00fablica:<\/em> Se implementar\u00e1 a trav\u00e9s del Instituto Superior de Formaci\u00f3n Integral en Seguridad P\u00fablica (ISFISP), que brindar\u00e1 informaci\u00f3n, recursos y formaci\u00f3n durante un a\u00f1o para fortalecer el desempe\u00f1o de las fuerzas.<\/p>\n\n\n\n<p><em>Articular esfuerzos<\/em><br>Durante el acto, el ministro Ariel Mart\u00ednez resalt\u00f3 la importancia de articular esfuerzos al afirmar que \u201cestamos agradecidos con el Municipio por la apertura para articular estas pol\u00edticas de Estado. Es importante apoyar y fortalecer estos convenios que ponen en valor la educaci\u00f3n p\u00fablica. En nuestra provincia, el sistema educativo tiene una mirada diferente a la de Naci\u00f3n: aqu\u00ed se apuesta a los sue\u00f1os, la justicia social y la igualdad de oportunidades\u201d.<br>El funcionario provincial agreg\u00f3 adem\u00e1s que \u201cla formaci\u00f3n profesional y la capacitaci\u00f3n laboral son claves para las expectativas de las personas, las familias y la sociedad en general\u201d.<br>Por su parte, el intendente Armando Molina celebr\u00f3 la firma de los convenios y ratific\u00f3 su compromiso de continuar generando acciones conjuntas que promuevan nuevas oportunidades de formaci\u00f3n y acceso al mundo laboral para estudiantes y trabajadores.<br>Del acto participaron tambi\u00e9n la secretaria de Gesti\u00f3n Educativa, Zoraida Rodr\u00edguez; los secretarios de Gesti\u00f3n Administrativa y de Pol\u00edticas Socioeducativas, Jos\u00e9 Luis \u00c1vila y Duilio Madera; la directora de Educaci\u00f3n T\u00e9cnica, Bel\u00e9n Salum; y la subsecretaria de Empleo Municipal, Nancy Nardillo, entre otras autoridades.<\/p>\n","protected":false},"excerpt":{"rendered":"<p>Los acuerdos incluyen formaci\u00f3n laboral para empleados municipales, cursos de oficio con certificaci\u00f3n oficial y capacitaciones espec\u00edficas para oficiales de seguridad p\u00fablica. Tambi\u00e9n participaron alumnos del Colegio Provincial N\u00b013, que iniciar\u00e1n un taller de empleabilidad. Este viernes, el Ministerio de Educaci\u00f3n de La Rioja y la Municipalidad del departamento Capital firmaron tres convenios que establecen [&hellip;]<\/p>\n","protected":false},"author":3,"featured_media":2162,"comment_status":"open","ping_status":"open","sticky":false,"template":"","format":"standard","meta":{"_jetpack_memberships_contains_paid_content":false,"footnotes":""},"categories":[1],"tags":[],"class_list":["post-2160","post","type-post","status-publish","format-standard","has-post-thumbnail","hentry","category-local"],"jetpack_featured_media_url":"https:\/\/pasahoy.com.ar\/ph\/wp-content\/uploads\/2025\/05\/1000366670.jpg","jetpack_sharing_enabled":true,"_links":{"self":[{"href":"https:\/\/pasahoy.com.ar\/ph\/wp-json\/wp\/v2\/posts\/2160","targetHints":{"allow":["GET"]}}],"collection":[{"href":"https:\/\/pasahoy.com.ar\/ph\/wp-json\/wp\/v2\/posts"}],"about":[{"href":"https:\/\/pasahoy.com.ar\/ph\/wp-json\/wp\/v2\/types\/post"}],"author":[{"embeddable":true,"href":"https:\/\/pasahoy.com.ar\/ph\/wp-json\/wp\/v2\/users\/3"}],"replies":[{"embeddable":true,"href":"https:\/\/pasahoy.com.ar\/ph\/wp-json\/wp\/v2\/comments?post=2160"}],"version-history":[{"count":1,"href":"https:\/\/pasahoy.com.ar\/ph\/wp-json\/wp\/v2\/posts\/2160\/revisions"}],"predecessor-version":[{"id":2163,"href":"https:\/\/pasahoy.com.ar\/ph\/wp-json\/wp\/v2\/posts\/2160\/revisions\/2163"}],"wp:featuredmedia":[{"embeddable":true,"href":"https:\/\/pasahoy.com.ar\/ph\/wp-json\/wp\/v2\/media\/2162"}],"wp:attachment":[{"href":"https:\/\/pasahoy.com.ar\/ph\/wp-json\/wp\/v2\/media?parent=2160"}],"wp:term":[{"taxonomy":"category","embeddable":true,"href":"https:\/\/pasahoy.com.ar\/ph\/wp-json\/wp\/v2\/categories?post=2160"},{"taxonomy":"post_tag","embeddable":true,"href":"https:\/\/pasahoy.com.ar\/ph\/wp-json\/wp\/v2\/tags?post=2160"}],"curies":[{"name":"wp","href":"https:\/\/api.w.org\/{rel}","templated":true}]}}