{"id":2156,"date":"2025-05-25T04:02:19","date_gmt":"2025-05-25T04:02:19","guid":{"rendered":"https:\/\/pasahoy.com.ar\/ph\/?p=2156"},"modified":"2025-05-25T04:02:19","modified_gmt":"2025-05-25T04:02:19","slug":"quintela-llevo-un-mensaje-de-esperanza-a-arauco-y-pidio-votar-con-amor-no-con-odio","status":"publish","type":"post","link":"https:\/\/pasahoy.com.ar\/ph\/quintela-llevo-un-mensaje-de-esperanza-a-arauco-y-pidio-votar-con-amor-no-con-odio\/","title":{"rendered":"Quintela llev\u00f3 un mensaje de esperanza a Arauco y pidi\u00f3 votar con amor, no con odio"},"content":{"rendered":"\n<p><em>En el marco de la celebraci\u00f3n del D\u00eda Nacional de la Olivicultura en Aimogasta, el gobernador Ricardo Quintela encabez\u00f3 el acto central junto a autoridades locales. En su discurso, llam\u00f3 a la ciudadan\u00eda a ejercer el derecho al voto con esperanza, y reclam\u00f3 pol\u00edticas federales que impulsen el trabajo, la producci\u00f3n y la dignidad.<\/em><\/p>\n\n\n\n<figure class=\"wp-block-gallery has-nested-images columns-default is-cropped wp-block-gallery-1 is-layout-flex wp-block-gallery-is-layout-flex\">\n<figure class=\"wp-block-image size-large\"><img loading=\"lazy\" decoding=\"async\" width=\"1024\" height=\"684\" data-id=\"2158\" src=\"https:\/\/pasahoy.com.ar\/ph\/wp-content\/uploads\/2025\/05\/1000366668-1024x684.jpg\" alt=\"\" class=\"wp-image-2158\" srcset=\"https:\/\/pasahoy.com.ar\/ph\/wp-content\/uploads\/2025\/05\/1000366668-1024x684.jpg 1024w, https:\/\/pasahoy.com.ar\/ph\/wp-content\/uploads\/2025\/05\/1000366668-300x200.jpg 300w, https:\/\/pasahoy.com.ar\/ph\/wp-content\/uploads\/2025\/05\/1000366668-768x513.jpg 768w, https:\/\/pasahoy.com.ar\/ph\/wp-content\/uploads\/2025\/05\/1000366668.jpg 1280w\" sizes=\"auto, (max-width: 1024px) 100vw, 1024px\" \/><\/figure>\n\n\n\n<figure class=\"wp-block-image size-large\"><img loading=\"lazy\" decoding=\"async\" width=\"1024\" height=\"684\" data-id=\"2157\" src=\"https:\/\/pasahoy.com.ar\/ph\/wp-content\/uploads\/2025\/05\/1000366667-1024x684.jpg\" alt=\"\" class=\"wp-image-2157\" srcset=\"https:\/\/pasahoy.com.ar\/ph\/wp-content\/uploads\/2025\/05\/1000366667-1024x684.jpg 1024w, https:\/\/pasahoy.com.ar\/ph\/wp-content\/uploads\/2025\/05\/1000366667-300x200.jpg 300w, https:\/\/pasahoy.com.ar\/ph\/wp-content\/uploads\/2025\/05\/1000366667-768x513.jpg 768w, https:\/\/pasahoy.com.ar\/ph\/wp-content\/uploads\/2025\/05\/1000366667.jpg 1280w\" sizes=\"auto, (max-width: 1024px) 100vw, 1024px\" \/><\/figure>\n<\/figure>\n\n\n\n<p>El gobernador Ricardo Quintela particip\u00f3 este s\u00e1bado del acto central por el D\u00eda Nacional de la Olivicultura, en la ciudad de Aimogasta, en el departamento Arauco. La jornada cont\u00f3 con la tradicional bendici\u00f3n de los frutos y un desfile popular. El mandatario estuvo acompa\u00f1ado por la intendenta Virginia L\u00f3pez, autoridades locales y la comunidad arauque\u00f1a.<br>Durante el acto, el gobernador Ricardo Quintela convoc\u00f3 a la reflexi\u00f3n colectiva frente a la dif\u00edcil situaci\u00f3n econ\u00f3mica del pa\u00eds y reclam\u00f3 al Gobierno nacional pol\u00edticas que contemplen las necesidades del interior. \u201cNuestro presidente debe hacer una mirada retrospectiva y mirar al interior de su pa\u00eds, que est\u00e1 sufriendo\u201d, se\u00f1al\u00f3.<br>Acompa\u00f1ado por autoridades provinciales, municipales y fuerzas de seguridad, el mandatario riojano particip\u00f3 del acto en el departamento Arauco, donde agradeci\u00f3 a la comunidad local y a los representantes del sector educativo por su presencia. Tras destacar las palabras del cura p\u00e1rroco, Quintela tom\u00f3 su intervenci\u00f3n como punto de partida para exponer su preocupaci\u00f3n por el rumbo del pa\u00eds: \u201cEstamos atravesando momentos muy dif\u00edciles. Pido disculpas a quienes no piensan como yo, pero esta situaci\u00f3n es dificil\u00edsima\u201d, afirm\u00f3.<br>En ese sentido, remarc\u00f3 que tanto presidentes como gobernadores e intendentes tienen el deber de \u201cdefender los intereses de los ciudadanos\u201d y trabajar para garantizar derechos fundamentales como el empleo, la salud y la educaci\u00f3n. \u201cUn trabajo que permita mantener de manera digna a nuestras familias, garantizar el alimento, la educaci\u00f3n, la salud y la protecci\u00f3n\u201d, subray\u00f3.<br>En ese contexto, Quintela llam\u00f3 a no resignarse ni dejarse llevar por el odio o la frustraci\u00f3n. \u201cCuando vayamos a emitir un sufragio, que lo hagamos con amor, con esperanza. Nunca con odio, con rencor o bronca\u201d, expres\u00f3. Y agreg\u00f3: \u201cSiempre digo que tenemos que votar con la raz\u00f3n y el coraz\u00f3n. La conjunci\u00f3n de esos dos valores es la que nos va a permitir votar convencidos de que estamos eligiendo lo mejor\u201d.<br>El Gobernador inst\u00f3 adem\u00e1s a pedir en conjunto al Gobierno nacional pol\u00edticas p\u00fablicas concretas que reactiven la econom\u00eda y generen empleo: \u201cQue se derrame en las provincias argentinas la posibilidad de obra p\u00fablica, pol\u00edticas habitacionales, laborales, inversiones, apertura de f\u00e1bricas y comercios que puedan generar trabajo\u201d.<br>Finalmente, envi\u00f3 un mensaje de aliento a los riojanos: \u201cTengamos fe, tengamos esperanza, no bajemos los brazos. Vamos a seguir luchando para traer bienestar a nuestro pueblo de la mejor manera posible\u201d.<\/p>\n\n\n\n<p><em>Una fiesta del pueblo<\/em><br>Por su parte, la intendenta Virginia L\u00f3pez defini\u00f3 la jornada como \u201cel d\u00eda m\u00e1s importante del a\u00f1o para nuestro departamento\u201d. Explic\u00f3 que todas las celebraciones de mayo est\u00e1n pensadas \u201cpara que la gente sea protagonista\u201d, y resalt\u00f3 el valor simb\u00f3lico y econ\u00f3mico de la olivicultura al afirmar: \u201cQuiero agradecer a los pioneros y a los productores que siguen apostando a ese oro verde, que nos da identidad y nos une como comunidad\u201d.<br>Finalmente, llam\u00f3 a la unidad en tiempos dif\u00edciles: \u201cSabemos que los tiempos no son los mejores, pero estoy segura de que juntos vamos a salir adelante. Cuenten con esta humilde servidora para trabajar por el bien de nuestro pueblo\u201d.<\/p>\n\n\n\n<p><em>La bendici\u00f3n de los frutos<\/em><br>El sacerdote Miguel Sosa fue el encargado de la bendici\u00f3n de los frutos, y en su mensaje destac\u00f3 la importancia de la solidaridad, el trabajo y el compromiso con el otro. Pidi\u00f3 a las autoridades que impulsen \u201cla ocupaci\u00f3n laboral como garant\u00eda de dignidad para las personas\u201d y alent\u00f3 a las juventudes a involucrarse:<br>\u201cQue no se pierda la esperanza. J\u00f3venes, comprom\u00e9tanse con el trabajo, el estudio, la amistad y la ayuda a los dem\u00e1s\u201d, expres\u00f3.<\/p>\n","protected":false},"excerpt":{"rendered":"<p>En el marco de la celebraci\u00f3n del D\u00eda Nacional de la Olivicultura en Aimogasta, el gobernador Ricardo Quintela encabez\u00f3 el acto central junto a autoridades locales. En su discurso, llam\u00f3 a la ciudadan\u00eda a ejercer el derecho al voto con esperanza, y reclam\u00f3 pol\u00edticas federales que impulsen el trabajo, la producci\u00f3n y la dignidad. El [&hellip;]<\/p>\n","protected":false},"author":3,"featured_media":2158,"comment_status":"open","ping_status":"open","sticky":false,"template":"","format":"standard","meta":{"_jetpack_memberships_contains_paid_content":false,"footnotes":""},"categories":[1],"tags":[],"class_list":["post-2156","post","type-post","status-publish","format-standard","has-post-thumbnail","hentry","category-local"],"jetpack_featured_media_url":"https:\/\/pasahoy.com.ar\/ph\/wp-content\/uploads\/2025\/05\/1000366668.jpg","jetpack_sharing_enabled":true,"_links":{"self":[{"href":"https:\/\/pasahoy.com.ar\/ph\/wp-json\/wp\/v2\/posts\/2156","targetHints":{"allow":["GET"]}}],"collection":[{"href":"https:\/\/pasahoy.com.ar\/ph\/wp-json\/wp\/v2\/posts"}],"about":[{"href":"https:\/\/pasahoy.com.ar\/ph\/wp-json\/wp\/v2\/types\/post"}],"author":[{"embeddable":true,"href":"https:\/\/pasahoy.com.ar\/ph\/wp-json\/wp\/v2\/users\/3"}],"replies":[{"embeddable":true,"href":"https:\/\/pasahoy.com.ar\/ph\/wp-json\/wp\/v2\/comments?post=2156"}],"version-history":[{"count":1,"href":"https:\/\/pasahoy.com.ar\/ph\/wp-json\/wp\/v2\/posts\/2156\/revisions"}],"predecessor-version":[{"id":2159,"href":"https:\/\/pasahoy.com.ar\/ph\/wp-json\/wp\/v2\/posts\/2156\/revisions\/2159"}],"wp:featuredmedia":[{"embeddable":true,"href":"https:\/\/pasahoy.com.ar\/ph\/wp-json\/wp\/v2\/media\/2158"}],"wp:attachment":[{"href":"https:\/\/pasahoy.com.ar\/ph\/wp-json\/wp\/v2\/media?parent=2156"}],"wp:term":[{"taxonomy":"category","embeddable":true,"href":"https:\/\/pasahoy.com.ar\/ph\/wp-json\/wp\/v2\/categories?post=2156"},{"taxonomy":"post_tag","embeddable":true,"href":"https:\/\/pasahoy.com.ar\/ph\/wp-json\/wp\/v2\/tags?post=2156"}],"curies":[{"name":"wp","href":"https:\/\/api.w.org\/{rel}","templated":true}]}}