{"id":2150,"date":"2025-05-25T04:00:24","date_gmt":"2025-05-25T04:00:24","guid":{"rendered":"https:\/\/pasahoy.com.ar\/ph\/?p=2150"},"modified":"2025-05-25T04:01:07","modified_gmt":"2025-05-25T04:01:07","slug":"tere-madera-en-catuna","status":"publish","type":"post","link":"https:\/\/pasahoy.com.ar\/ph\/tere-madera-en-catuna\/","title":{"rendered":"Tere Madera en Catuna En tiempos de tanta violencia la iglesia es un faro de tolerancia, fe y esperanza\u201d"},"content":{"rendered":"\n<p>La vicegobernadora Teresita Madera acompa\u00f1\u00f3 las fiestas patronales en honor a Santa Rita en Catuna. Miles de fieles se congregaron para participar de la tradicional procesi\u00f3n y misa en honor a Santa Rita, patrona del pueblo, en una jornada de profunda espiritualidad, encuentro y esperanza compartida.<\/p>\n\n\n\n<p>\u201cQue Santa Rita bendiga a nuestro pueblo y nos colme de paz en estos tiempos dif\u00edciles\u201d, expres\u00f3 la vicegobernadora Teresita Madera, quien acompa\u00f1\u00f3 la celebraci\u00f3n religiosa junto a autoridades provinciales y locales.<\/p>\n\n\n\n<p>Durante su visita, Madera destac\u00f3 el valor del encuentro comunitario. \u201cEsta es una fiesta que re\u00fane al pueblo, donde hoy nos sentimos familia. Al final del camino, siempre nos necesitamos como pueblo; para crecer, necesitamos caminar con fe; vivimos tiempos dif\u00edciles donde el individualismo y la violencia que propagan algunos desde el centralismo, parece ser moneda corriente; y es ah\u00ed donde, en tiempos de tanta violencia, la iglesia es un faro de tolerancia, fe y esperanza\u201d.<\/p>\n\n\n\n<p>La misa fue presidida por el obispo Dante Braida, junto al Padre Rub\u00e9n Cruz; quienes coincidieron en que \u201ces una alegr\u00eda inmensa poder compartir este momento de fe con todo el pueblo. Que Santa Rita interceda por cada hogar riojano y derrame su bendici\u00f3n sobre nuestras familias, para que nunca falten la esperanza, el amor y la unidad\u201d.<\/p>\n\n\n\n<p>Estuvieron presentes tambi\u00e9n el intendente Jorge Salom\u00f3n, el viceintendente Abel Oviedo, el diputado departamental Fabi\u00e1n Gauna, los legisladores nacionales Fernando Rejal y Ricardo Herrera, los diputados provinciales Claudio Ruiz, Antonio Godoy, Cristian P\u00e9rez, y dem\u00e1s autoridades locales.<\/p>\n\n\n\n<p>La festividad de Santa Rita se vive cada a\u00f1o como un momento de renovaci\u00f3n espiritual y comuni\u00f3n entre los riojanos, que llegan desde distintos puntos de la provincia para rendir homenaje y agradecer; finalizada la misa y procesi\u00f3n, las Agrupaciones Gauchas rindieron homenaje a Santa Rita.<\/p>\n","protected":false},"excerpt":{"rendered":"<p>La vicegobernadora Teresita Madera acompa\u00f1\u00f3 las fiestas patronales en honor a Santa Rita en Catuna. Miles de fieles se congregaron para participar de la tradicional procesi\u00f3n y misa en honor a Santa Rita, patrona del pueblo, en una jornada de profunda espiritualidad, encuentro y esperanza compartida. \u201cQue Santa Rita bendiga a nuestro pueblo y nos [&hellip;]<\/p>\n","protected":false},"author":3,"featured_media":2151,"comment_status":"open","ping_status":"open","sticky":false,"template":"","format":"standard","meta":{"_jetpack_memberships_contains_paid_content":false,"footnotes":""},"categories":[1],"tags":[],"class_list":["post-2150","post","type-post","status-publish","format-standard","has-post-thumbnail","hentry","category-local"],"jetpack_featured_media_url":"https:\/\/pasahoy.com.ar\/ph\/wp-content\/uploads\/2025\/05\/1000366664-scaled.jpg","jetpack_sharing_enabled":true,"_links":{"self":[{"href":"https:\/\/pasahoy.com.ar\/ph\/wp-json\/wp\/v2\/posts\/2150","targetHints":{"allow":["GET"]}}],"collection":[{"href":"https:\/\/pasahoy.com.ar\/ph\/wp-json\/wp\/v2\/posts"}],"about":[{"href":"https:\/\/pasahoy.com.ar\/ph\/wp-json\/wp\/v2\/types\/post"}],"author":[{"embeddable":true,"href":"https:\/\/pasahoy.com.ar\/ph\/wp-json\/wp\/v2\/users\/3"}],"replies":[{"embeddable":true,"href":"https:\/\/pasahoy.com.ar\/ph\/wp-json\/wp\/v2\/comments?post=2150"}],"version-history":[{"count":2,"href":"https:\/\/pasahoy.com.ar\/ph\/wp-json\/wp\/v2\/posts\/2150\/revisions"}],"predecessor-version":[{"id":2155,"href":"https:\/\/pasahoy.com.ar\/ph\/wp-json\/wp\/v2\/posts\/2150\/revisions\/2155"}],"wp:featuredmedia":[{"embeddable":true,"href":"https:\/\/pasahoy.com.ar\/ph\/wp-json\/wp\/v2\/media\/2151"}],"wp:attachment":[{"href":"https:\/\/pasahoy.com.ar\/ph\/wp-json\/wp\/v2\/media?parent=2150"}],"wp:term":[{"taxonomy":"category","embeddable":true,"href":"https:\/\/pasahoy.com.ar\/ph\/wp-json\/wp\/v2\/categories?post=2150"},{"taxonomy":"post_tag","embeddable":true,"href":"https:\/\/pasahoy.com.ar\/ph\/wp-json\/wp\/v2\/tags?post=2150"}],"curies":[{"name":"wp","href":"https:\/\/api.w.org\/{rel}","templated":true}]}}