{"id":2144,"date":"2025-05-23T20:42:06","date_gmt":"2025-05-23T20:42:06","guid":{"rendered":"https:\/\/pasahoy.com.ar\/ph\/?p=2144"},"modified":"2025-05-23T20:42:19","modified_gmt":"2025-05-23T20:42:19","slug":"graciela-alfano-salio-a-bancar-a-la-china-suarez-no-rompe-hogares-ya-estaban-rotos","status":"publish","type":"post","link":"https:\/\/pasahoy.com.ar\/ph\/graciela-alfano-salio-a-bancar-a-la-china-suarez-no-rompe-hogares-ya-estaban-rotos\/","title":{"rendered":"GRACIELA ALFANO SALI\u00d3 A BANCAR A LA CHINA SU\u00c1REZ: \u00abNO ROMPE HOGARES, YA ESTABAN ROTOS\u00bb"},"content":{"rendered":"\n<p>Graciela Alfano volvi\u00f3 a tomar partido en el esc\u00e1ndalo medi\u00e1tico entre Eugenia \u201cla China\u201d Su\u00e1rez, Wanda Nara y Mauro Icardi. En una reciente entrevista con Mujeres Argentinas, la exvedette defendi\u00f3 con firmeza a la actriz y cuestion\u00f3 las cr\u00edticas que recibe constantemente.<\/p>\n\n\n\n<p>\u201cEsto es pura maldad, ya se trata de un acoso\u201d, expres\u00f3 Alfano, quien se mostr\u00f3 orgullosa de ser parte del \u201cteam China\u201d. \u201cSoy una buena amiga, tenerme en el rinc\u00f3n no es joda. Tengo argumentos\u201d, sostuvo.<\/p>\n\n\n\n<p>Seg\u00fan Alfano, Su\u00e1rez enfrenta un \u201cataque feroz\u201d por ser linda y talentosa. \u201cUn hombre no se roba, los hombres van donde se les canta las bolas. Cuando hay cuernos, es porque alguien quiso ser desleal. \u00bfPor qu\u00e9 culpamos a la piba?\u201d, se pregunt\u00f3 con dureza.<\/p>\n\n\n\n<p>Tambi\u00e9n habl\u00f3 sobre su experiencia personal: \u201cLa fidelidad no fue mi fuerte. Los que me gustaban, me los baj\u00e9\u201d. Y a\u00f1adi\u00f3 que siente a Eugenia como una hija: \u201cSoy muy de las causas perdidas y me identifico con ella\u201d.<\/p>\n\n\n\n<p>Por \u00faltimo, critic\u00f3 los estigmas sociales: \u201cLe dicen rompe hogares y el hogar ya estaba roto. Es una expresi\u00f3n que atrasa. \u00bfPor qu\u00e9 la sociedad se pone as\u00ed contra una persona?\u201d, concluy\u00f3 la artista.<\/p>\n\n\n\n<figure class=\"wp-block-gallery has-nested-images columns-default is-cropped wp-block-gallery-1 is-layout-flex wp-block-gallery-is-layout-flex\">\n<figure class=\"wp-block-image size-large\"><img loading=\"lazy\" decoding=\"async\" width=\"960\" height=\"640\" data-id=\"2145\" src=\"https:\/\/pasahoy.com.ar\/ph\/wp-content\/uploads\/2025\/05\/1000362495.jpg\" alt=\"\" class=\"wp-image-2145\" srcset=\"https:\/\/pasahoy.com.ar\/ph\/wp-content\/uploads\/2025\/05\/1000362495.jpg 960w, https:\/\/pasahoy.com.ar\/ph\/wp-content\/uploads\/2025\/05\/1000362495-300x200.jpg 300w, https:\/\/pasahoy.com.ar\/ph\/wp-content\/uploads\/2025\/05\/1000362495-768x512.jpg 768w\" sizes=\"auto, (max-width: 960px) 100vw, 960px\" \/><\/figure>\n<\/figure>\n","protected":false},"excerpt":{"rendered":"<p>Graciela Alfano volvi\u00f3 a tomar partido en el esc\u00e1ndalo medi\u00e1tico entre Eugenia \u201cla China\u201d Su\u00e1rez, Wanda Nara y Mauro Icardi. En una reciente entrevista con Mujeres Argentinas, la exvedette defendi\u00f3 con firmeza a la actriz y cuestion\u00f3 las cr\u00edticas que recibe constantemente. \u201cEsto es pura maldad, ya se trata de un acoso\u201d, expres\u00f3 Alfano, quien [&hellip;]<\/p>\n","protected":false},"author":3,"featured_media":2145,"comment_status":"open","ping_status":"open","sticky":false,"template":"","format":"standard","meta":{"_jetpack_memberships_contains_paid_content":false,"footnotes":""},"categories":[5],"tags":[],"class_list":["post-2144","post","type-post","status-publish","format-standard","has-post-thumbnail","hentry","category-espectaculo"],"jetpack_featured_media_url":"https:\/\/pasahoy.com.ar\/ph\/wp-content\/uploads\/2025\/05\/1000362495.jpg","jetpack_sharing_enabled":true,"_links":{"self":[{"href":"https:\/\/pasahoy.com.ar\/ph\/wp-json\/wp\/v2\/posts\/2144","targetHints":{"allow":["GET"]}}],"collection":[{"href":"https:\/\/pasahoy.com.ar\/ph\/wp-json\/wp\/v2\/posts"}],"about":[{"href":"https:\/\/pasahoy.com.ar\/ph\/wp-json\/wp\/v2\/types\/post"}],"author":[{"embeddable":true,"href":"https:\/\/pasahoy.com.ar\/ph\/wp-json\/wp\/v2\/users\/3"}],"replies":[{"embeddable":true,"href":"https:\/\/pasahoy.com.ar\/ph\/wp-json\/wp\/v2\/comments?post=2144"}],"version-history":[{"count":1,"href":"https:\/\/pasahoy.com.ar\/ph\/wp-json\/wp\/v2\/posts\/2144\/revisions"}],"predecessor-version":[{"id":2146,"href":"https:\/\/pasahoy.com.ar\/ph\/wp-json\/wp\/v2\/posts\/2144\/revisions\/2146"}],"wp:featuredmedia":[{"embeddable":true,"href":"https:\/\/pasahoy.com.ar\/ph\/wp-json\/wp\/v2\/media\/2145"}],"wp:attachment":[{"href":"https:\/\/pasahoy.com.ar\/ph\/wp-json\/wp\/v2\/media?parent=2144"}],"wp:term":[{"taxonomy":"category","embeddable":true,"href":"https:\/\/pasahoy.com.ar\/ph\/wp-json\/wp\/v2\/categories?post=2144"},{"taxonomy":"post_tag","embeddable":true,"href":"https:\/\/pasahoy.com.ar\/ph\/wp-json\/wp\/v2\/tags?post=2144"}],"curies":[{"name":"wp","href":"https:\/\/api.w.org\/{rel}","templated":true}]}}