{"id":2141,"date":"2025-05-23T20:39:25","date_gmt":"2025-05-23T20:39:25","guid":{"rendered":"https:\/\/pasahoy.com.ar\/ph\/?p=2141"},"modified":"2025-05-23T20:39:39","modified_gmt":"2025-05-23T20:39:39","slug":"la-justicia-dio-inicio-al-juicio-contra-un-acusado-de-abuso-sexual-agravado-por-convivencia-preexistente","status":"publish","type":"post","link":"https:\/\/pasahoy.com.ar\/ph\/la-justicia-dio-inicio-al-juicio-contra-un-acusado-de-abuso-sexual-agravado-por-convivencia-preexistente\/","title":{"rendered":"LA JUSTICIA DIO INICIO AL JUICIO CONTRA UN ACUSADO DE ABUSO SEXUAL AGRAVADO POR CONVIVENCIA PREEXISTENTE"},"content":{"rendered":"\n<p>Este viernes dio inicio el juicio contra un ciudadano imputado por el delito de abuso sexual con acceso carnal agravado por la situaci\u00f3n de convivencia preexistente, en perjuicio de una menor de edad, familiar del acusado.<\/p>\n\n\n\n<p>El debate se desarrolla bajo la modalidad presencial, y en la primera jornada declararon distintos testigos propuestos por la acusaci\u00f3n, entre ellos efectivos policiales que intervinieron en la recepci\u00f3n de la denuncia inicial en el a\u00f1o 2019, profesionales del \u00e1mbito educativo y sanitario, as\u00ed como familiares directos de la v\u00edctima.<\/p>\n\n\n\n<p>Los testimonios brindados relataron c\u00f3mo se desarroll\u00f3 la recepci\u00f3n y derivaci\u00f3n de la denuncia tras el hallazgo de una carta escrita por la ni\u00f1a, que permiti\u00f3 identificar los hechos denunciados y la relaci\u00f3n con el acusado. El personal de Ni\u00f1ez y Adolescencia, profesionales del equipo de acompa\u00f1amiento escolar fueron los primeros en intervenir, derivando la situaci\u00f3n a la justicia.<\/p>\n\n\n\n<p>La madre de la v\u00edctima tambi\u00e9n brind\u00f3 su declaraci\u00f3n ante el tribunal, refiriendo el contexto de vulnerabilidad en el que se encontraba la familia al momento de los hechos, y relat\u00f3 lo que su hija le hab\u00eda expresado a\u00f1os despu\u00e9s de los presuntos abusos.<\/p>\n\n\n\n<p>Finalmente, el padre de la v\u00edctima \u2014hermano del imputado\u2014 tambi\u00e9n fue escuchado por el tribunal. Expres\u00f3 su versi\u00f3n de los hechos, su vinculaci\u00f3n con los organismos que intervinieron en la protecci\u00f3n de la menor y su percepci\u00f3n sobre el desarrollo del caso.<\/p>\n\n\n\n<p>Seg\u00fan la acusaci\u00f3n, los hechos habr\u00edan ocurrido de manera continuada desde el a\u00f1o 2012, cuando la ni\u00f1a ten\u00eda aproximadamente seis a\u00f1os, extendi\u00e9ndose hasta el a\u00f1o 2019, cuando la v\u00edctima ten\u00eda 13 a\u00f1os, momento en que la v\u00edctima logr\u00f3 relatar la situaci\u00f3n ante personas de su entorno educativo.<\/p>\n\n\n\n<p>El imputado se abstuvo de declarar en esta primera audiencia. Las audiencias continuar\u00e1n conforme al cronograma previsto por la C\u00e1mara Tercera.<\/p>\n\n\n\n<figure class=\"wp-block-gallery has-nested-images columns-default is-cropped wp-block-gallery-1 is-layout-flex wp-block-gallery-is-layout-flex\">\n<figure class=\"wp-block-image size-large\"><img loading=\"lazy\" decoding=\"async\" width=\"860\" height=\"556\" data-id=\"2142\" src=\"https:\/\/pasahoy.com.ar\/ph\/wp-content\/uploads\/2025\/05\/1000362477.png\" alt=\"\" class=\"wp-image-2142\" srcset=\"https:\/\/pasahoy.com.ar\/ph\/wp-content\/uploads\/2025\/05\/1000362477.png 860w, https:\/\/pasahoy.com.ar\/ph\/wp-content\/uploads\/2025\/05\/1000362477-300x194.png 300w, https:\/\/pasahoy.com.ar\/ph\/wp-content\/uploads\/2025\/05\/1000362477-768x497.png 768w\" sizes=\"auto, (max-width: 860px) 100vw, 860px\" \/><\/figure>\n<\/figure>\n","protected":false},"excerpt":{"rendered":"<p>Este viernes dio inicio el juicio contra un ciudadano imputado por el delito de abuso sexual con acceso carnal agravado por la situaci\u00f3n de convivencia preexistente, en perjuicio de una menor de edad, familiar del acusado. El debate se desarrolla bajo la modalidad presencial, y en la primera jornada declararon distintos testigos propuestos por la [&hellip;]<\/p>\n","protected":false},"author":3,"featured_media":2142,"comment_status":"open","ping_status":"open","sticky":false,"template":"","format":"standard","meta":{"_jetpack_memberships_contains_paid_content":false,"footnotes":""},"categories":[12],"tags":[],"class_list":["post-2141","post","type-post","status-publish","format-standard","has-post-thumbnail","hentry","category-judicial"],"jetpack_featured_media_url":"https:\/\/pasahoy.com.ar\/ph\/wp-content\/uploads\/2025\/05\/1000362477.png","jetpack_sharing_enabled":true,"_links":{"self":[{"href":"https:\/\/pasahoy.com.ar\/ph\/wp-json\/wp\/v2\/posts\/2141","targetHints":{"allow":["GET"]}}],"collection":[{"href":"https:\/\/pasahoy.com.ar\/ph\/wp-json\/wp\/v2\/posts"}],"about":[{"href":"https:\/\/pasahoy.com.ar\/ph\/wp-json\/wp\/v2\/types\/post"}],"author":[{"embeddable":true,"href":"https:\/\/pasahoy.com.ar\/ph\/wp-json\/wp\/v2\/users\/3"}],"replies":[{"embeddable":true,"href":"https:\/\/pasahoy.com.ar\/ph\/wp-json\/wp\/v2\/comments?post=2141"}],"version-history":[{"count":1,"href":"https:\/\/pasahoy.com.ar\/ph\/wp-json\/wp\/v2\/posts\/2141\/revisions"}],"predecessor-version":[{"id":2143,"href":"https:\/\/pasahoy.com.ar\/ph\/wp-json\/wp\/v2\/posts\/2141\/revisions\/2143"}],"wp:featuredmedia":[{"embeddable":true,"href":"https:\/\/pasahoy.com.ar\/ph\/wp-json\/wp\/v2\/media\/2142"}],"wp:attachment":[{"href":"https:\/\/pasahoy.com.ar\/ph\/wp-json\/wp\/v2\/media?parent=2141"}],"wp:term":[{"taxonomy":"category","embeddable":true,"href":"https:\/\/pasahoy.com.ar\/ph\/wp-json\/wp\/v2\/categories?post=2141"},{"taxonomy":"post_tag","embeddable":true,"href":"https:\/\/pasahoy.com.ar\/ph\/wp-json\/wp\/v2\/tags?post=2141"}],"curies":[{"name":"wp","href":"https:\/\/api.w.org\/{rel}","templated":true}]}}