{"id":2126,"date":"2025-05-23T18:40:21","date_gmt":"2025-05-23T18:40:21","guid":{"rendered":"https:\/\/pasahoy.com.ar\/ph\/?p=2126"},"modified":"2025-05-23T18:40:21","modified_gmt":"2025-05-23T18:40:21","slug":"almorzando-con-juana-viale-los-invitados-confirmados-del-domingo-25-de-mayo-en-el-trece","status":"publish","type":"post","link":"https:\/\/pasahoy.com.ar\/ph\/almorzando-con-juana-viale-los-invitados-confirmados-del-domingo-25-de-mayo-en-el-trece\/","title":{"rendered":"Almorzando con Juana Viale: los invitados confirmados del domingo 25 de mayo en El Trece"},"content":{"rendered":"\n<p>El programa de Juana Viale de este domingo tiene una \u00abmesaza\u00bb en El Trece otra vez no generar\u00eda muchas expectativas en el p\u00fablico.<\/p>\n\n\n\n<p>La edici\u00f3n de\u00a0<strong>Almorzando con Juana Viale<\/strong>\u00a0de este domingo 25 de mayo de 2025 tiene sus invitados confirmados, siempre en\u00a0<strong>la pantalla de El Trece<\/strong>\u00a0y comenzando a las 13.45 horas. El rating le sigue jugando en contra a la nieta de\u00a0<strong>Mirtha Legrand<\/strong>.<\/p>\n\n\n\n<p><strong>Otra vez el hermano de Juana, Nacho Viale<\/strong>, arm\u00f3 un programa que por lo visto hasta en las redes sociales no est\u00e1 generando mucho inter\u00e9s, por no decir, cero inter\u00e9s. <\/p>\n\n\n\n<p><strong>Los invitados de este domingo en la pantalla de El Trece ser\u00e1n Roly Serrano<\/strong>,&nbsp;<strong>An\u00edbal Pachano<\/strong>,&nbsp;<strong>Eva Bargiela<\/strong>,&nbsp;<strong>Christian Sancho<\/strong>&nbsp;y el&nbsp;<strong>Dr. Enrique De Rosa Alabaster<\/strong>, especialista en psiquiatr\u00eda forense.<\/p>\n\n\n\n<p>La sensaci\u00f3n es que con esos invitados, otra vez con Pachano como figura pol\u00e9mica para decir cosas incongruentes, el programa de la nieta de Mirtha Legrand seguir\u00e1 perdiendo por paliza en el rating con<strong>&nbsp;La Pe\u00f1a de Morfi, que va por Telefe.<\/strong><\/p>\n\n\n\n<figure class=\"wp-block-gallery has-nested-images columns-default is-cropped wp-block-gallery-1 is-layout-flex wp-block-gallery-is-layout-flex\">\n<figure class=\"wp-block-image size-large\"><img loading=\"lazy\" decoding=\"async\" width=\"942\" height=\"741\" data-id=\"2127\" src=\"https:\/\/pasahoy.com.ar\/ph\/wp-content\/uploads\/2025\/05\/1000362329.png\" alt=\"\" class=\"wp-image-2127\" srcset=\"https:\/\/pasahoy.com.ar\/ph\/wp-content\/uploads\/2025\/05\/1000362329.png 942w, https:\/\/pasahoy.com.ar\/ph\/wp-content\/uploads\/2025\/05\/1000362329-300x236.png 300w, https:\/\/pasahoy.com.ar\/ph\/wp-content\/uploads\/2025\/05\/1000362329-768x604.png 768w\" sizes=\"auto, (max-width: 942px) 100vw, 942px\" \/><\/figure>\n<\/figure>\n","protected":false},"excerpt":{"rendered":"<p>El programa de Juana Viale de este domingo tiene una \u00abmesaza\u00bb en El Trece otra vez no generar\u00eda muchas expectativas en el p\u00fablico. La edici\u00f3n de\u00a0Almorzando con Juana Viale\u00a0de este domingo 25 de mayo de 2025 tiene sus invitados confirmados, siempre en\u00a0la pantalla de El Trece\u00a0y comenzando a las 13.45 horas. El rating le sigue [&hellip;]<\/p>\n","protected":false},"author":3,"featured_media":2127,"comment_status":"open","ping_status":"open","sticky":false,"template":"","format":"standard","meta":{"_jetpack_memberships_contains_paid_content":false,"footnotes":""},"categories":[1],"tags":[],"class_list":["post-2126","post","type-post","status-publish","format-standard","has-post-thumbnail","hentry","category-local"],"jetpack_featured_media_url":"https:\/\/pasahoy.com.ar\/ph\/wp-content\/uploads\/2025\/05\/1000362329.png","jetpack_sharing_enabled":true,"_links":{"self":[{"href":"https:\/\/pasahoy.com.ar\/ph\/wp-json\/wp\/v2\/posts\/2126","targetHints":{"allow":["GET"]}}],"collection":[{"href":"https:\/\/pasahoy.com.ar\/ph\/wp-json\/wp\/v2\/posts"}],"about":[{"href":"https:\/\/pasahoy.com.ar\/ph\/wp-json\/wp\/v2\/types\/post"}],"author":[{"embeddable":true,"href":"https:\/\/pasahoy.com.ar\/ph\/wp-json\/wp\/v2\/users\/3"}],"replies":[{"embeddable":true,"href":"https:\/\/pasahoy.com.ar\/ph\/wp-json\/wp\/v2\/comments?post=2126"}],"version-history":[{"count":1,"href":"https:\/\/pasahoy.com.ar\/ph\/wp-json\/wp\/v2\/posts\/2126\/revisions"}],"predecessor-version":[{"id":2128,"href":"https:\/\/pasahoy.com.ar\/ph\/wp-json\/wp\/v2\/posts\/2126\/revisions\/2128"}],"wp:featuredmedia":[{"embeddable":true,"href":"https:\/\/pasahoy.com.ar\/ph\/wp-json\/wp\/v2\/media\/2127"}],"wp:attachment":[{"href":"https:\/\/pasahoy.com.ar\/ph\/wp-json\/wp\/v2\/media?parent=2126"}],"wp:term":[{"taxonomy":"category","embeddable":true,"href":"https:\/\/pasahoy.com.ar\/ph\/wp-json\/wp\/v2\/categories?post=2126"},{"taxonomy":"post_tag","embeddable":true,"href":"https:\/\/pasahoy.com.ar\/ph\/wp-json\/wp\/v2\/tags?post=2126"}],"curies":[{"name":"wp","href":"https:\/\/api.w.org\/{rel}","templated":true}]}}