{"id":2123,"date":"2025-05-23T18:35:40","date_gmt":"2025-05-23T18:35:40","guid":{"rendered":"https:\/\/pasahoy.com.ar\/ph\/?p=2123"},"modified":"2025-05-23T18:35:51","modified_gmt":"2025-05-23T18:35:51","slug":"franco-colapinto-quedo-20o-en-la-accidentada-fp2-del-gran-premio-de-monaco","status":"publish","type":"post","link":"https:\/\/pasahoy.com.ar\/ph\/franco-colapinto-quedo-20o-en-la-accidentada-fp2-del-gran-premio-de-monaco\/","title":{"rendered":"Franco Colapinto qued\u00f3 20\u00ba en la accidentada FP2 del Gran Premio de M\u00f3naco"},"content":{"rendered":"\n<p><br>El argentino no logr\u00f3 mejorar sus tiempos con su Alpine en una jornada dif\u00edcil en el Principado; Leclerc lider\u00f3 y Piastri protagoniz\u00f3 un fuerte choque. <\/p>\n\n\n\n<p>La jornada del viernes en el m\u00edtico\u00a0<strong>circuito de Montecarlo<\/strong>\u00a0dej\u00f3 sensaciones encontradas para los protagonistas de la\u00a0<strong>F\u00f3rmula 1<\/strong>. Entre ellos,\u00a0<strong>Franco Colapinto<\/strong>\u00a0no pudo revertir un inicio complicado y cerr\u00f3 la segunda pr\u00e1ctica libre del<strong>\u00a0Gran Premio de M\u00f3naco\u00a0<\/strong>en el \u00faltimo lugar, con su\u00a0<strong>Alpine A525<\/strong>\u00a0lejos del ritmo de los l\u00edderes.<\/p>\n\n\n\n<p>Tras haber culminado 19\u00b0 en la primera sesi\u00f3n, no encontr\u00f3 la f\u00f3rmula para mejorar su rendimiento en las angostas calles del Principado y qued\u00f3 20\u00b0 en la FP2, a m\u00e1s de dos segundos del mejor tiempo. En una pista que no perdona errores y que exige precisi\u00f3n milim\u00e9trica, volvi\u00f3 a sufrir las limitaciones del monoplaza, al igual que su compa\u00f1ero Pierre Gasly, que tambi\u00e9n se mantuvo en la parte baja de la tabla. <\/p>\n\n\n\n<p>La sesi\u00f3n estuvo marcada por varios incidentes y neutralizaciones. El m\u00e1s impactante lo protagoniz\u00f3 Oscar Piastri, l\u00edder del campeonato, quien choc\u00f3 de frente contra el guardrail en la curva de la piscina. Afortunadamente, sali\u00f3 ileso y el coche apenas sufri\u00f3 da\u00f1os graves, pero la bandera roja que provoc\u00f3 interrumpi\u00f3 temporalmente la acci\u00f3n.<\/p>\n\n\n\n<p>Tambi\u00e9n Isack Hadjar tuvo su momento de tensi\u00f3n al golpear uno de los muros y romper la rueda trasera izquierda de su coche, otro episodio que requiri\u00f3 la intervenci\u00f3n de los comisarios. Estos inconvenientes afectaron el desarrollo normal de las vueltas r\u00e1pidas, aunque la mayor\u00eda de los equipos lograron probar con neum\u00e1ticos blandos en el \u00faltimo tramo.<\/p>\n\n\n\n<figure class=\"wp-block-gallery has-nested-images columns-default is-cropped wp-block-gallery-1 is-layout-flex wp-block-gallery-is-layout-flex\">\n<figure class=\"wp-block-image size-large\"><img loading=\"lazy\" decoding=\"async\" width=\"953\" height=\"685\" data-id=\"2124\" src=\"https:\/\/pasahoy.com.ar\/ph\/wp-content\/uploads\/2025\/05\/1000362328.png\" alt=\"\" class=\"wp-image-2124\" srcset=\"https:\/\/pasahoy.com.ar\/ph\/wp-content\/uploads\/2025\/05\/1000362328.png 953w, https:\/\/pasahoy.com.ar\/ph\/wp-content\/uploads\/2025\/05\/1000362328-300x216.png 300w, https:\/\/pasahoy.com.ar\/ph\/wp-content\/uploads\/2025\/05\/1000362328-768x552.png 768w\" sizes=\"auto, (max-width: 953px) 100vw, 953px\" \/><\/figure>\n<\/figure>\n","protected":false},"excerpt":{"rendered":"<p>El argentino no logr\u00f3 mejorar sus tiempos con su Alpine en una jornada dif\u00edcil en el Principado; Leclerc lider\u00f3 y Piastri protagoniz\u00f3 un fuerte choque. La jornada del viernes en el m\u00edtico\u00a0circuito de Montecarlo\u00a0dej\u00f3 sensaciones encontradas para los protagonistas de la\u00a0F\u00f3rmula 1. Entre ellos,\u00a0Franco Colapinto\u00a0no pudo revertir un inicio complicado y cerr\u00f3 la segunda pr\u00e1ctica [&hellip;]<\/p>\n","protected":false},"author":3,"featured_media":2124,"comment_status":"open","ping_status":"open","sticky":false,"template":"","format":"standard","meta":{"_jetpack_memberships_contains_paid_content":false,"footnotes":""},"categories":[4],"tags":[],"class_list":["post-2123","post","type-post","status-publish","format-standard","has-post-thumbnail","hentry","category-deporte"],"jetpack_featured_media_url":"https:\/\/pasahoy.com.ar\/ph\/wp-content\/uploads\/2025\/05\/1000362328.png","jetpack_sharing_enabled":true,"_links":{"self":[{"href":"https:\/\/pasahoy.com.ar\/ph\/wp-json\/wp\/v2\/posts\/2123","targetHints":{"allow":["GET"]}}],"collection":[{"href":"https:\/\/pasahoy.com.ar\/ph\/wp-json\/wp\/v2\/posts"}],"about":[{"href":"https:\/\/pasahoy.com.ar\/ph\/wp-json\/wp\/v2\/types\/post"}],"author":[{"embeddable":true,"href":"https:\/\/pasahoy.com.ar\/ph\/wp-json\/wp\/v2\/users\/3"}],"replies":[{"embeddable":true,"href":"https:\/\/pasahoy.com.ar\/ph\/wp-json\/wp\/v2\/comments?post=2123"}],"version-history":[{"count":1,"href":"https:\/\/pasahoy.com.ar\/ph\/wp-json\/wp\/v2\/posts\/2123\/revisions"}],"predecessor-version":[{"id":2125,"href":"https:\/\/pasahoy.com.ar\/ph\/wp-json\/wp\/v2\/posts\/2123\/revisions\/2125"}],"wp:featuredmedia":[{"embeddable":true,"href":"https:\/\/pasahoy.com.ar\/ph\/wp-json\/wp\/v2\/media\/2124"}],"wp:attachment":[{"href":"https:\/\/pasahoy.com.ar\/ph\/wp-json\/wp\/v2\/media?parent=2123"}],"wp:term":[{"taxonomy":"category","embeddable":true,"href":"https:\/\/pasahoy.com.ar\/ph\/wp-json\/wp\/v2\/categories?post=2123"},{"taxonomy":"post_tag","embeddable":true,"href":"https:\/\/pasahoy.com.ar\/ph\/wp-json\/wp\/v2\/tags?post=2123"}],"curies":[{"name":"wp","href":"https:\/\/api.w.org\/{rel}","templated":true}]}}