{"id":2119,"date":"2025-05-23T18:32:31","date_gmt":"2025-05-23T18:32:31","guid":{"rendered":"https:\/\/pasahoy.com.ar\/ph\/?p=2119"},"modified":"2025-05-23T18:32:31","modified_gmt":"2025-05-23T18:32:31","slug":"en-arminera-2025-la-rioja-consolido-su-presencia-en-el-mapa-minero-nacional","status":"publish","type":"post","link":"https:\/\/pasahoy.com.ar\/ph\/en-arminera-2025-la-rioja-consolido-su-presencia-en-el-mapa-minero-nacional\/","title":{"rendered":"En Arminera 2025, La Rioja consolid\u00f3 su presencia en el mapa minero nacional"},"content":{"rendered":"\n<p><em>Con un enfoque en la sostenibilidad, el desarrollo de proveedores y el fortalecimiento institucional, la Provincia mantuvo una agenda activa de reuniones y consolid\u00f3 v\u00ednculos estrat\u00e9gicos con actores del ecosistema minero nacional e internacional.<\/em><\/p>\n\n\n\n<figure class=\"wp-block-gallery has-nested-images columns-default is-cropped wp-block-gallery-1 is-layout-flex wp-block-gallery-is-layout-flex\">\n<figure class=\"wp-block-image size-large\"><img loading=\"lazy\" decoding=\"async\" width=\"1024\" height=\"681\" data-id=\"2121\" src=\"https:\/\/pasahoy.com.ar\/ph\/wp-content\/uploads\/2025\/05\/1000362311-1024x681.jpg\" alt=\"\" class=\"wp-image-2121\" srcset=\"https:\/\/pasahoy.com.ar\/ph\/wp-content\/uploads\/2025\/05\/1000362311-1024x681.jpg 1024w, https:\/\/pasahoy.com.ar\/ph\/wp-content\/uploads\/2025\/05\/1000362311-300x199.jpg 300w, https:\/\/pasahoy.com.ar\/ph\/wp-content\/uploads\/2025\/05\/1000362311-768x511.jpg 768w, https:\/\/pasahoy.com.ar\/ph\/wp-content\/uploads\/2025\/05\/1000362311.jpg 1280w\" sizes=\"auto, (max-width: 1024px) 100vw, 1024px\" \/><\/figure>\n\n\n\n<figure class=\"wp-block-image size-large\"><img loading=\"lazy\" decoding=\"async\" width=\"1024\" height=\"681\" data-id=\"2120\" src=\"https:\/\/pasahoy.com.ar\/ph\/wp-content\/uploads\/2025\/05\/1000362312-1024x681.jpg\" alt=\"\" class=\"wp-image-2120\" srcset=\"https:\/\/pasahoy.com.ar\/ph\/wp-content\/uploads\/2025\/05\/1000362312-1024x681.jpg 1024w, https:\/\/pasahoy.com.ar\/ph\/wp-content\/uploads\/2025\/05\/1000362312-300x199.jpg 300w, https:\/\/pasahoy.com.ar\/ph\/wp-content\/uploads\/2025\/05\/1000362312-768x511.jpg 768w, https:\/\/pasahoy.com.ar\/ph\/wp-content\/uploads\/2025\/05\/1000362312.jpg 1280w\" sizes=\"auto, (max-width: 1024px) 100vw, 1024px\" \/><\/figure>\n<\/figure>\n\n\n\n<p>Este mi\u00e9rcoles concluy\u00f3 una nueva edici\u00f3n de Arminera, la exposici\u00f3n internacional de miner\u00eda que se desarroll\u00f3 del 20 al 22 de mayo en el predio de La Rural. La Rioja tuvo una destacada participaci\u00f3n institucional a trav\u00e9s del Ministerio de Trabajo, Empleo, Industria y Miner\u00eda, marcando presencia con un stand propio y una agenda activa de vinculaci\u00f3n con actores estrat\u00e9gicos del sector.<br>Durante las tres jornadas, el equipo riojano comparti\u00f3 los avances de la pol\u00edtica minera provincial, impulsada con un fuerte compromiso pol\u00edtico y un enfoque sustentable. En ese marco, mantuvo encuentros con representantes de empresas, otras provincias mineras, proveedores e instituciones del \u00e1mbito nacional e internacional.<\/p>\n\n\n\n<p><em>Generaci\u00f3n de oportunidades<\/em><br>En ese contexto, el ministro Federico Baz\u00e1n expres\u00f3 que \u201cestamos muy contentos. La Rioja, al igual que otras provincias mineras del pa\u00eds, particip\u00f3 de esta exposici\u00f3n que hoy se consolida como la m\u00e1s importante de Argentina. Es un espacio donde confluyen el sector privado, las buenas pr\u00e1cticas en derecho minero y el desarrollo de proveedores. La presencia de nuestra provincia es una muestra clara de la voluntad pol\u00edtica del gobernador y de todo un equipo de trabajo que impulsa el crecimiento de la actividad con responsabilidad ambiental, visi\u00f3n estrat\u00e9gica y compromiso social. Entendemos a la miner\u00eda como una gran generadora de oportunidades de trabajo para nuestra gente\u201d.<br>En ese sentido, Baz\u00e1n tambi\u00e9n destac\u00f3 el valor del intercambio entre provincias al afirmar que \u00abestos espacios permiten vincularnos con otras jurisdicciones que tienen m\u00e1s trayectoria en la actividad minera, lo que nos da la posibilidad de aprender de sus experiencias, evitar errores y adoptar sus mejores pr\u00e1cticas, siempre con el objetivo de lograr un desarrollo minero sostenible y eficiente en La Rioja\u201d.<br>Actualmente, la Provincia cuenta con cuatro proyectos en producci\u00f3n y doce en etapa de exploraci\u00f3n. El objetivo para el pr\u00f3ximo a\u00f1o es fortalecer las inversiones en curso y atraer nuevas empresas que se sumen al crecimiento del sector.<br>\u201cAspiramos a que los proyectos existentes contin\u00faen creciendo en inversi\u00f3n, porque eso significa m\u00e1s empleo directo e indirecto. Queremos seguir consolidando el desarrollo minero en La Rioja con una mirada integral y responsable\u201d, concluy\u00f3 el ministro Baz\u00e1n.<\/p>\n","protected":false},"excerpt":{"rendered":"<p>Con un enfoque en la sostenibilidad, el desarrollo de proveedores y el fortalecimiento institucional, la Provincia mantuvo una agenda activa de reuniones y consolid\u00f3 v\u00ednculos estrat\u00e9gicos con actores del ecosistema minero nacional e internacional. Este mi\u00e9rcoles concluy\u00f3 una nueva edici\u00f3n de Arminera, la exposici\u00f3n internacional de miner\u00eda que se desarroll\u00f3 del 20 al 22 de [&hellip;]<\/p>\n","protected":false},"author":3,"featured_media":2121,"comment_status":"open","ping_status":"open","sticky":false,"template":"","format":"standard","meta":{"_jetpack_memberships_contains_paid_content":false,"footnotes":""},"categories":[1],"tags":[],"class_list":["post-2119","post","type-post","status-publish","format-standard","has-post-thumbnail","hentry","category-local"],"jetpack_featured_media_url":"https:\/\/pasahoy.com.ar\/ph\/wp-content\/uploads\/2025\/05\/1000362311.jpg","jetpack_sharing_enabled":true,"_links":{"self":[{"href":"https:\/\/pasahoy.com.ar\/ph\/wp-json\/wp\/v2\/posts\/2119","targetHints":{"allow":["GET"]}}],"collection":[{"href":"https:\/\/pasahoy.com.ar\/ph\/wp-json\/wp\/v2\/posts"}],"about":[{"href":"https:\/\/pasahoy.com.ar\/ph\/wp-json\/wp\/v2\/types\/post"}],"author":[{"embeddable":true,"href":"https:\/\/pasahoy.com.ar\/ph\/wp-json\/wp\/v2\/users\/3"}],"replies":[{"embeddable":true,"href":"https:\/\/pasahoy.com.ar\/ph\/wp-json\/wp\/v2\/comments?post=2119"}],"version-history":[{"count":1,"href":"https:\/\/pasahoy.com.ar\/ph\/wp-json\/wp\/v2\/posts\/2119\/revisions"}],"predecessor-version":[{"id":2122,"href":"https:\/\/pasahoy.com.ar\/ph\/wp-json\/wp\/v2\/posts\/2119\/revisions\/2122"}],"wp:featuredmedia":[{"embeddable":true,"href":"https:\/\/pasahoy.com.ar\/ph\/wp-json\/wp\/v2\/media\/2121"}],"wp:attachment":[{"href":"https:\/\/pasahoy.com.ar\/ph\/wp-json\/wp\/v2\/media?parent=2119"}],"wp:term":[{"taxonomy":"category","embeddable":true,"href":"https:\/\/pasahoy.com.ar\/ph\/wp-json\/wp\/v2\/categories?post=2119"},{"taxonomy":"post_tag","embeddable":true,"href":"https:\/\/pasahoy.com.ar\/ph\/wp-json\/wp\/v2\/tags?post=2119"}],"curies":[{"name":"wp","href":"https:\/\/api.w.org\/{rel}","templated":true}]}}