{"id":2112,"date":"2025-05-22T02:25:53","date_gmt":"2025-05-22T02:25:53","guid":{"rendered":"https:\/\/pasahoy.com.ar\/ph\/?p=2112"},"modified":"2025-05-22T02:26:06","modified_gmt":"2025-05-22T02:26:06","slug":"masacre-en-villa-crespo-sospechan-que-la-mujer-habria-asesinado-a-su-familia-en-villa-crespo-y-la-causa-dio-un-inesperado-giro","status":"publish","type":"post","link":"https:\/\/pasahoy.com.ar\/ph\/masacre-en-villa-crespo-sospechan-que-la-mujer-habria-asesinado-a-su-familia-en-villa-crespo-y-la-causa-dio-un-inesperado-giro\/","title":{"rendered":"MASACRE EN VILLA CRESPO. Sospechan que la mujer habr\u00eda asesinado a su familia en Villa Crespo y la causa dio un inesperado giro"},"content":{"rendered":"\n<p>En un principio, los investigadores sospechaban que Adri\u00e1n Seltzer hab\u00eda asesinado a su familia, pero ahora sali\u00f3 a la luz un nuevo dato que lo cambiar\u00eda todo.<\/p>\n\n\n\n<p>En las \u00faltimas horas, se conoci\u00f3 que la Justicia que investiga la masacre de Villa Crespo sospecha ahora que la mujer habr\u00eda matado a su esposo y sus dos hijos.<\/p>\n\n\n\n<p>En un principio, los investigadores sospechaban que Adri\u00e1n Seltzer hab\u00eda asesinado a su mujer Laura Fernanda Leguizam\u00f3n y a sus hijos Ian e Ivo, y que luego se suicid\u00f3. El hombre fue hallado con un cuchillo en una de sus manos.<\/p>\n\n\n\n<p>Fuentes policiales informaron a la Agencia Noticias Argentinas que la mujer no presentaba heridas defensivas y que su marido fue hallado muerto en la cama con varias heridas donde posiblemente estaba dormido. Es por esto que se investiga si en realidad habr\u00eda sido ella la autora de la masacre.<\/p>\n\n\n\n<p>Seg\u00fan trascendi\u00f3, la empleada dom\u00e9stica fue quien hall\u00f3 a las v\u00edctimas cuando arrib\u00f3 al inmueble situado en la calle Aguirre al 200, Villa Crespo. Se descarta que se trate de un intento de robo, ya que la mujer entr\u00f3 a la casa a las 13:30 con sus llaves y la puerta de ingreso no presentaba indicios de haber sido violentada.<\/p>\n\n\n\n<p>Los investigadores analizan ahora los antecedentes familiares y posibles conflictos que pudieran haber desencadenado la masacre. A\u00fan se aguardan los resultados de la autopsia.<\/p>\n\n\n\n<figure class=\"wp-block-gallery has-nested-images columns-default is-cropped wp-block-gallery-1 is-layout-flex wp-block-gallery-is-layout-flex\">\n<figure class=\"wp-block-image size-large\"><img loading=\"lazy\" decoding=\"async\" width=\"960\" height=\"540\" data-id=\"2113\" src=\"https:\/\/pasahoy.com.ar\/ph\/wp-content\/uploads\/2025\/05\/1000357480.jpg\" alt=\"\" class=\"wp-image-2113\" srcset=\"https:\/\/pasahoy.com.ar\/ph\/wp-content\/uploads\/2025\/05\/1000357480.jpg 960w, https:\/\/pasahoy.com.ar\/ph\/wp-content\/uploads\/2025\/05\/1000357480-300x169.jpg 300w, https:\/\/pasahoy.com.ar\/ph\/wp-content\/uploads\/2025\/05\/1000357480-768x432.jpg 768w\" sizes=\"auto, (max-width: 960px) 100vw, 960px\" \/><\/figure>\n<\/figure>\n","protected":false},"excerpt":{"rendered":"<p>En un principio, los investigadores sospechaban que Adri\u00e1n Seltzer hab\u00eda asesinado a su familia, pero ahora sali\u00f3 a la luz un nuevo dato que lo cambiar\u00eda todo. En las \u00faltimas horas, se conoci\u00f3 que la Justicia que investiga la masacre de Villa Crespo sospecha ahora que la mujer habr\u00eda matado a su esposo y sus [&hellip;]<\/p>\n","protected":false},"author":3,"featured_media":2113,"comment_status":"open","ping_status":"open","sticky":false,"template":"","format":"standard","meta":{"_jetpack_memberships_contains_paid_content":false,"footnotes":""},"categories":[9],"tags":[],"class_list":["post-2112","post","type-post","status-publish","format-standard","has-post-thumbnail","hentry","category-policial"],"jetpack_featured_media_url":"https:\/\/pasahoy.com.ar\/ph\/wp-content\/uploads\/2025\/05\/1000357480.jpg","jetpack_sharing_enabled":true,"_links":{"self":[{"href":"https:\/\/pasahoy.com.ar\/ph\/wp-json\/wp\/v2\/posts\/2112","targetHints":{"allow":["GET"]}}],"collection":[{"href":"https:\/\/pasahoy.com.ar\/ph\/wp-json\/wp\/v2\/posts"}],"about":[{"href":"https:\/\/pasahoy.com.ar\/ph\/wp-json\/wp\/v2\/types\/post"}],"author":[{"embeddable":true,"href":"https:\/\/pasahoy.com.ar\/ph\/wp-json\/wp\/v2\/users\/3"}],"replies":[{"embeddable":true,"href":"https:\/\/pasahoy.com.ar\/ph\/wp-json\/wp\/v2\/comments?post=2112"}],"version-history":[{"count":1,"href":"https:\/\/pasahoy.com.ar\/ph\/wp-json\/wp\/v2\/posts\/2112\/revisions"}],"predecessor-version":[{"id":2114,"href":"https:\/\/pasahoy.com.ar\/ph\/wp-json\/wp\/v2\/posts\/2112\/revisions\/2114"}],"wp:featuredmedia":[{"embeddable":true,"href":"https:\/\/pasahoy.com.ar\/ph\/wp-json\/wp\/v2\/media\/2113"}],"wp:attachment":[{"href":"https:\/\/pasahoy.com.ar\/ph\/wp-json\/wp\/v2\/media?parent=2112"}],"wp:term":[{"taxonomy":"category","embeddable":true,"href":"https:\/\/pasahoy.com.ar\/ph\/wp-json\/wp\/v2\/categories?post=2112"},{"taxonomy":"post_tag","embeddable":true,"href":"https:\/\/pasahoy.com.ar\/ph\/wp-json\/wp\/v2\/tags?post=2112"}],"curies":[{"name":"wp","href":"https:\/\/api.w.org\/{rel}","templated":true}]}}