{"id":2109,"date":"2025-05-22T02:24:14","date_gmt":"2025-05-22T02:24:14","guid":{"rendered":"https:\/\/pasahoy.com.ar\/ph\/?p=2109"},"modified":"2025-05-22T02:24:14","modified_gmt":"2025-05-22T02:24:14","slug":"se-la-mandaron-un-grupo-de-inadaptados-rompieron-el-semaforo-que-une-dos-avenidas","status":"publish","type":"post","link":"https:\/\/pasahoy.com.ar\/ph\/se-la-mandaron-un-grupo-de-inadaptados-rompieron-el-semaforo-que-une-dos-avenidas\/","title":{"rendered":"SE LA MANDARON: UN GRUPO DE INADAPTADOS ROMPIERON EL SEM\u00c1FORO QUE UNE DOS AVENIDAS"},"content":{"rendered":"\n<p>Un hecho totalmente repudiable y que molesta demasiado a las autoridades municipales se vivi\u00f3 este mi\u00e9rcoles. Es que un grupo de \u00abp\u00edcaros\u00bb terminaron atacando el sem\u00e1foro, da\u00f1\u00e1ndolo y generando muchos problemas en esa zona.<\/p>\n\n\n\n<p>Seg\u00fan se conoci\u00f3, un par de inadaptados con ganas de hacer da\u00f1o, se bajaron de un autom\u00f3vil y rompieron o casi arrancaron, un sem\u00e1foro para complicar el tr\u00e1nsito en una una esquina de dos avenidas muy elegidas por los veh\u00edculos.<\/p>\n\n\n\n<p>Sin dudas, es una \u00abdiablura\u00bb, que termina generando diferentes opiniones, pero que evidentemente deber\u00edan llevar a la reflexi\u00f3n. Situaciones as\u00ed, tendr\u00edan que ser sancionadas o interpretadas por las fuerzas de seguridad, como un da\u00f1o tremendo y detener a los culpables, ser\u00eda una decisi\u00f3n evidentemente muy acertada.<\/p>\n\n\n\n<figure class=\"wp-block-gallery has-nested-images columns-default is-cropped wp-block-gallery-1 is-layout-flex wp-block-gallery-is-layout-flex\">\n<figure class=\"wp-block-image size-large\"><img loading=\"lazy\" decoding=\"async\" width=\"962\" height=\"1024\" data-id=\"2110\" src=\"https:\/\/pasahoy.com.ar\/ph\/wp-content\/uploads\/2025\/05\/1000357477-962x1024.jpg\" alt=\"\" class=\"wp-image-2110\" srcset=\"https:\/\/pasahoy.com.ar\/ph\/wp-content\/uploads\/2025\/05\/1000357477-962x1024.jpg 962w, https:\/\/pasahoy.com.ar\/ph\/wp-content\/uploads\/2025\/05\/1000357477-282x300.jpg 282w, https:\/\/pasahoy.com.ar\/ph\/wp-content\/uploads\/2025\/05\/1000357477-768x818.jpg 768w, https:\/\/pasahoy.com.ar\/ph\/wp-content\/uploads\/2025\/05\/1000357477-1443x1536.jpg 1443w, https:\/\/pasahoy.com.ar\/ph\/wp-content\/uploads\/2025\/05\/1000357477.jpg 1502w\" sizes=\"auto, (max-width: 962px) 100vw, 962px\" \/><\/figure>\n<\/figure>\n","protected":false},"excerpt":{"rendered":"<p>Un hecho totalmente repudiable y que molesta demasiado a las autoridades municipales se vivi\u00f3 este mi\u00e9rcoles. Es que un grupo de \u00abp\u00edcaros\u00bb terminaron atacando el sem\u00e1foro, da\u00f1\u00e1ndolo y generando muchos problemas en esa zona. Seg\u00fan se conoci\u00f3, un par de inadaptados con ganas de hacer da\u00f1o, se bajaron de un autom\u00f3vil y rompieron o casi [&hellip;]<\/p>\n","protected":false},"author":3,"featured_media":2110,"comment_status":"open","ping_status":"open","sticky":false,"template":"","format":"standard","meta":{"_jetpack_memberships_contains_paid_content":false,"footnotes":""},"categories":[1],"tags":[],"class_list":["post-2109","post","type-post","status-publish","format-standard","has-post-thumbnail","hentry","category-local"],"jetpack_featured_media_url":"https:\/\/pasahoy.com.ar\/ph\/wp-content\/uploads\/2025\/05\/1000357477.jpg","jetpack_sharing_enabled":true,"_links":{"self":[{"href":"https:\/\/pasahoy.com.ar\/ph\/wp-json\/wp\/v2\/posts\/2109","targetHints":{"allow":["GET"]}}],"collection":[{"href":"https:\/\/pasahoy.com.ar\/ph\/wp-json\/wp\/v2\/posts"}],"about":[{"href":"https:\/\/pasahoy.com.ar\/ph\/wp-json\/wp\/v2\/types\/post"}],"author":[{"embeddable":true,"href":"https:\/\/pasahoy.com.ar\/ph\/wp-json\/wp\/v2\/users\/3"}],"replies":[{"embeddable":true,"href":"https:\/\/pasahoy.com.ar\/ph\/wp-json\/wp\/v2\/comments?post=2109"}],"version-history":[{"count":1,"href":"https:\/\/pasahoy.com.ar\/ph\/wp-json\/wp\/v2\/posts\/2109\/revisions"}],"predecessor-version":[{"id":2111,"href":"https:\/\/pasahoy.com.ar\/ph\/wp-json\/wp\/v2\/posts\/2109\/revisions\/2111"}],"wp:featuredmedia":[{"embeddable":true,"href":"https:\/\/pasahoy.com.ar\/ph\/wp-json\/wp\/v2\/media\/2110"}],"wp:attachment":[{"href":"https:\/\/pasahoy.com.ar\/ph\/wp-json\/wp\/v2\/media?parent=2109"}],"wp:term":[{"taxonomy":"category","embeddable":true,"href":"https:\/\/pasahoy.com.ar\/ph\/wp-json\/wp\/v2\/categories?post=2109"},{"taxonomy":"post_tag","embeddable":true,"href":"https:\/\/pasahoy.com.ar\/ph\/wp-json\/wp\/v2\/tags?post=2109"}],"curies":[{"name":"wp","href":"https:\/\/api.w.org\/{rel}","templated":true}]}}