{"id":2107,"date":"2025-05-22T02:18:31","date_gmt":"2025-05-22T02:18:31","guid":{"rendered":"https:\/\/pasahoy.com.ar\/ph\/?p=2107"},"modified":"2025-05-22T02:18:43","modified_gmt":"2025-05-22T02:18:43","slug":"la-justicia-ordeno-dictar-prision-preventiva-para-un-hombre-acusado-de-agredir-a-otro-con-un-machete","status":"publish","type":"post","link":"https:\/\/pasahoy.com.ar\/ph\/la-justicia-ordeno-dictar-prision-preventiva-para-un-hombre-acusado-de-agredir-a-otro-con-un-machete\/","title":{"rendered":"LA JUSTICIA ORDENO DICTAR PRISI\u00d3N PREVENTIVA PARA UN HOMBRE ACUSADO DE AGREDIR A OTRO CON UN MACHETE"},"content":{"rendered":"\n<p>El Juzgado de Instrucci\u00f3n en lo Criminal y Correccional N\u00b0 1 de la Primera Circunscripci\u00f3n Judicial con sede en la ciudad de La Rioja, a cargo de la Jueza Subrogante Dra. Mar\u00eda Eugenia Torres, resolvi\u00f3 dictar procesamiento y prisi\u00f3n preventiva para un hombre acusado de agredir a otro con un arma blanca.<\/p>\n\n\n\n<p>El hecho que se imputa, sucedi\u00f3 en el mes de mayo del a\u00f1o 2024 a la medianoche, en circunstancia donde se report\u00f3 a trav\u00e9s del 911, una llamada donde se indicaba que habr\u00eda un herido de arma blanca en un domicilio ubicado en zona noreste de esta Ciudad Capital. Al llegar los efectivos policiales, se pudo averiguar que, en la vivienda conviv\u00edan 3 masculinos, dos de ellos estuvieron con ingesta de alcohol y que, a ra\u00edz de una discusi\u00f3n, un masculino agredi\u00f3 a trav\u00e9s del uso de un arma blanca (machete) al otro, provoc\u00e1ndole una herida de consideraci\u00f3n donde tuvo que ser trasladado de urgencia al nosocomio local.<\/p>\n\n\n\n<p>En la etapa de investigaci\u00f3n, el imputado es considerado autor del delito de lesiones graves en base a los documentos presentados y posteriormente incorporados a la causa, donde acreditan la existencia del delito. A trav\u00e9s del informe m\u00e9dico, surge el dato que la v\u00edctima presentaba una lesi\u00f3n cortante acompa\u00f1ada con p\u00e9rdida de conocimiento donde se ha requerido la intervenci\u00f3n quir\u00fargica. Esta lesi\u00f3n fue grave y puso en peligro la vida de la v\u00edctima que se mantuvo con pron\u00f3stico reservado. Luego de analizar el caso y de acuerdo a informes m\u00e9dicos que confirma la gravedad de la lesi\u00f3n y el riesgo vital, se considera suficiente prueba para responsabilizar al acusado.<\/p>\n\n\n\n<p>La Magistrada resolvi\u00f3; dictar procesamiento y prisi\u00f3n preventiva en contra del imputado ante delito de lesiones graves. Se orden\u00f3 el embargo de bienes por quinientos mil pesos.<\/p>\n\n\n\n<figure class=\"wp-block-gallery has-nested-images columns-default is-cropped wp-block-gallery-1 is-layout-flex wp-block-gallery-is-layout-flex\"><\/figure>\n","protected":false},"excerpt":{"rendered":"<p>El Juzgado de Instrucci\u00f3n en lo Criminal y Correccional N\u00b0 1 de la Primera Circunscripci\u00f3n Judicial con sede en la ciudad de La Rioja, a cargo de la Jueza Subrogante Dra. Mar\u00eda Eugenia Torres, resolvi\u00f3 dictar procesamiento y prisi\u00f3n preventiva para un hombre acusado de agredir a otro con un arma blanca. El hecho que [&hellip;]<\/p>\n","protected":false},"author":3,"featured_media":0,"comment_status":"open","ping_status":"open","sticky":false,"template":"","format":"standard","meta":{"_jetpack_memberships_contains_paid_content":false,"footnotes":""},"categories":[12],"tags":[],"class_list":["post-2107","post","type-post","status-publish","format-standard","hentry","category-judicial"],"jetpack_featured_media_url":"","jetpack_sharing_enabled":true,"_links":{"self":[{"href":"https:\/\/pasahoy.com.ar\/ph\/wp-json\/wp\/v2\/posts\/2107","targetHints":{"allow":["GET"]}}],"collection":[{"href":"https:\/\/pasahoy.com.ar\/ph\/wp-json\/wp\/v2\/posts"}],"about":[{"href":"https:\/\/pasahoy.com.ar\/ph\/wp-json\/wp\/v2\/types\/post"}],"author":[{"embeddable":true,"href":"https:\/\/pasahoy.com.ar\/ph\/wp-json\/wp\/v2\/users\/3"}],"replies":[{"embeddable":true,"href":"https:\/\/pasahoy.com.ar\/ph\/wp-json\/wp\/v2\/comments?post=2107"}],"version-history":[{"count":1,"href":"https:\/\/pasahoy.com.ar\/ph\/wp-json\/wp\/v2\/posts\/2107\/revisions"}],"predecessor-version":[{"id":2108,"href":"https:\/\/pasahoy.com.ar\/ph\/wp-json\/wp\/v2\/posts\/2107\/revisions\/2108"}],"wp:attachment":[{"href":"https:\/\/pasahoy.com.ar\/ph\/wp-json\/wp\/v2\/media?parent=2107"}],"wp:term":[{"taxonomy":"category","embeddable":true,"href":"https:\/\/pasahoy.com.ar\/ph\/wp-json\/wp\/v2\/categories?post=2107"},{"taxonomy":"post_tag","embeddable":true,"href":"https:\/\/pasahoy.com.ar\/ph\/wp-json\/wp\/v2\/tags?post=2107"}],"curies":[{"name":"wp","href":"https:\/\/api.w.org\/{rel}","templated":true}]}}