{"id":2091,"date":"2025-05-21T19:11:06","date_gmt":"2025-05-21T19:11:06","guid":{"rendered":"https:\/\/pasahoy.com.ar\/ph\/?p=2091"},"modified":"2025-05-21T19:11:06","modified_gmt":"2025-05-21T19:11:06","slug":"detectan-albergues-con-escasa-higiene-en-finca-del-empresario-olmedo","status":"publish","type":"post","link":"https:\/\/pasahoy.com.ar\/ph\/detectan-albergues-con-escasa-higiene-en-finca-del-empresario-olmedo\/","title":{"rendered":"Detectan albergues con escasa higiene en finca del empresario Olmedo"},"content":{"rendered":"\n<p>El secretario General de la Uni\u00f3n Argentina de Trabajadores Rurales y Estibadores (UATRE) Seccional La Rioja, Omar Cedr\u00f3n, grafic\u00f3 las penosas condiciones de poca higiene que soportaban los trabajadores en las fincas que pertenecen al Parlamentario Alfredo Olmedo, situadas en La Rioja. La situaci\u00f3n se dio a conocer luego de una inspecci\u00f3n al predio del empresario y pol\u00edtico libertario.<\/p>\n\n\n\n<p>Cedr\u00f3n indic\u00f3 sobre la penosa situaci\u00f3n que soportaban trabajadores en la zona de los ba\u00f1os\/letrinas que eran utilizados por los mismos, \u201ces solo en la parte de higiene, el resto est\u00e1 todo normal. Se hizo en conjunto la inspecci\u00f3n con la Secretar\u00eda de Trabajo con el \u00e1rea de Higiene y Seguridad y RENATRE en los albergues donde est\u00e1 la gente de la cosecha. Se verific\u00f3 la situaci\u00f3n de higiene y nos encontramos con ba\u00f1os sucios, rotos, y donde dorm\u00edan. En un albergue ten\u00edan los ba\u00f1os bien como corresponde, pero faltaba higienizarlos. Y en el otro albergue, ten\u00edan letrinas que no estaban en condiciones\u201d.<\/p>\n\n\n\n<p>Indic\u00f3 que el albergue donde actualmente residen los peones est\u00e1n bien. Precis\u00f3 que durante la inspecci\u00f3n se relevaron unas 63 personas por parte de RENATRE. \u201cSiempre estamos haciendo inspecciones en distintos campos, establecimientos agr\u00edcolas, oliv\u00edcolas, hort\u00edcolas. A veces nos encontramos con trabajadores sin registrarse, se hacen las notificaciones para que se regularice la situaci\u00f3n. Esto es com\u00fan, siempre verificamos para que los trabajadores est\u00e9n bien\u201d.<\/p>\n\n\n\n<p>Cedr\u00f3n precis\u00f3 sobre la situaci\u00f3n actual del sector, \u201cest\u00e1 dif\u00edcil, por lo menos los campos no est\u00e1n despidiendo gente. Siempre hay uno o dos, pero eso siempre depende del trabajador. No hay despidos masivos todav\u00eda\u201d.<\/p>\n\n\n\n<p>Finalmente, sobre la discusi\u00f3n paritaria Cedr\u00f3n explic\u00f3 \u201cel mes pasado se sac\u00f3 un 7 por ciento que lo que ven\u00eda luchando el gremio, que era un 9. Ahora entre julio-agosto se va a tratar la paritaria que corresponde al a\u00f1o. Ojal\u00e1 se de lo que pide el trabajador\u201d.<\/p>\n\n\n\n<figure class=\"wp-block-gallery has-nested-images columns-default is-cropped wp-block-gallery-1 is-layout-flex wp-block-gallery-is-layout-flex\">\n<figure class=\"wp-block-image size-large\"><img loading=\"lazy\" decoding=\"async\" width=\"720\" height=\"602\" data-id=\"2092\" src=\"https:\/\/pasahoy.com.ar\/ph\/wp-content\/uploads\/2025\/05\/1000356188.jpg\" alt=\"\" class=\"wp-image-2092\" srcset=\"https:\/\/pasahoy.com.ar\/ph\/wp-content\/uploads\/2025\/05\/1000356188.jpg 720w, https:\/\/pasahoy.com.ar\/ph\/wp-content\/uploads\/2025\/05\/1000356188-300x251.jpg 300w\" sizes=\"auto, (max-width: 720px) 100vw, 720px\" \/><\/figure>\n\n\n\n<figure class=\"wp-block-image size-large\"><img loading=\"lazy\" decoding=\"async\" width=\"807\" height=\"675\" data-id=\"2093\" src=\"https:\/\/pasahoy.com.ar\/ph\/wp-content\/uploads\/2025\/05\/1000356189.jpg\" alt=\"\" class=\"wp-image-2093\" srcset=\"https:\/\/pasahoy.com.ar\/ph\/wp-content\/uploads\/2025\/05\/1000356189.jpg 807w, https:\/\/pasahoy.com.ar\/ph\/wp-content\/uploads\/2025\/05\/1000356189-300x251.jpg 300w, https:\/\/pasahoy.com.ar\/ph\/wp-content\/uploads\/2025\/05\/1000356189-768x642.jpg 768w\" sizes=\"auto, (max-width: 807px) 100vw, 807px\" \/><\/figure>\n<\/figure>\n","protected":false},"excerpt":{"rendered":"<p>El secretario General de la Uni\u00f3n Argentina de Trabajadores Rurales y Estibadores (UATRE) Seccional La Rioja, Omar Cedr\u00f3n, grafic\u00f3 las penosas condiciones de poca higiene que soportaban los trabajadores en las fincas que pertenecen al Parlamentario Alfredo Olmedo, situadas en La Rioja. La situaci\u00f3n se dio a conocer luego de una inspecci\u00f3n al predio del [&hellip;]<\/p>\n","protected":false},"author":3,"featured_media":2092,"comment_status":"open","ping_status":"open","sticky":false,"template":"","format":"standard","meta":{"_jetpack_memberships_contains_paid_content":false,"footnotes":""},"categories":[1],"tags":[],"class_list":["post-2091","post","type-post","status-publish","format-standard","has-post-thumbnail","hentry","category-local"],"jetpack_featured_media_url":"https:\/\/pasahoy.com.ar\/ph\/wp-content\/uploads\/2025\/05\/1000356188.jpg","jetpack_sharing_enabled":true,"_links":{"self":[{"href":"https:\/\/pasahoy.com.ar\/ph\/wp-json\/wp\/v2\/posts\/2091","targetHints":{"allow":["GET"]}}],"collection":[{"href":"https:\/\/pasahoy.com.ar\/ph\/wp-json\/wp\/v2\/posts"}],"about":[{"href":"https:\/\/pasahoy.com.ar\/ph\/wp-json\/wp\/v2\/types\/post"}],"author":[{"embeddable":true,"href":"https:\/\/pasahoy.com.ar\/ph\/wp-json\/wp\/v2\/users\/3"}],"replies":[{"embeddable":true,"href":"https:\/\/pasahoy.com.ar\/ph\/wp-json\/wp\/v2\/comments?post=2091"}],"version-history":[{"count":1,"href":"https:\/\/pasahoy.com.ar\/ph\/wp-json\/wp\/v2\/posts\/2091\/revisions"}],"predecessor-version":[{"id":2094,"href":"https:\/\/pasahoy.com.ar\/ph\/wp-json\/wp\/v2\/posts\/2091\/revisions\/2094"}],"wp:featuredmedia":[{"embeddable":true,"href":"https:\/\/pasahoy.com.ar\/ph\/wp-json\/wp\/v2\/media\/2092"}],"wp:attachment":[{"href":"https:\/\/pasahoy.com.ar\/ph\/wp-json\/wp\/v2\/media?parent=2091"}],"wp:term":[{"taxonomy":"category","embeddable":true,"href":"https:\/\/pasahoy.com.ar\/ph\/wp-json\/wp\/v2\/categories?post=2091"},{"taxonomy":"post_tag","embeddable":true,"href":"https:\/\/pasahoy.com.ar\/ph\/wp-json\/wp\/v2\/tags?post=2091"}],"curies":[{"name":"wp","href":"https:\/\/api.w.org\/{rel}","templated":true}]}}