{"id":2088,"date":"2025-05-21T19:06:03","date_gmt":"2025-05-21T19:06:03","guid":{"rendered":"https:\/\/pasahoy.com.ar\/ph\/?p=2088"},"modified":"2025-05-21T19:06:03","modified_gmt":"2025-05-21T19:06:03","slug":"fallecio-luis-maria-agost-carreno-ex-intendente-de-la-capital-riojana","status":"publish","type":"post","link":"https:\/\/pasahoy.com.ar\/ph\/fallecio-luis-maria-agost-carreno-ex-intendente-de-la-capital-riojana\/","title":{"rendered":"Falleci\u00f3 Luis Mar\u00eda Agost Carre\u00f1o, ex intendente de la Capital riojana"},"content":{"rendered":"\n<p>Este mi\u00e9rcoles se conoci\u00f3 el fallecimiento del ingeniero Luis Mar\u00eda Agost Carre\u00f1o, ex intendente de la ciudad capital de La Rioja, quien dirigi\u00f3 los destinos del municipio durante tres mandatos consecutivos. <\/p>\n\n\n\n<p><em>Con profundo pesar, se confirm\u00f3 el fallecimiento de Luis Mar\u00eda Agost Carre\u00f1o, reconocido dirigente pol\u00edtico y ex intendente de la ciudad de La Rioja, cari\u00f1osamente apodado \u201cel Gallego\u201d. El deceso se produjo en la ciudad de Buenos Aires.<\/em><\/p>\n\n\n\n<p>Su partida deja una huella en la historia pol\u00edtica y social de la provincia, y un vac\u00edo en el coraz\u00f3n de quienes lo conocieron y compartieron con \u00e9l distintas etapas de su vida p\u00fablica y personal.<\/p>\n\n\n\n<p>Desde distintos sectores de la comunidad se expresaron mensajes de condolencias, destacando su compromiso con la gesti\u00f3n municipal y su cercan\u00eda con la gente. Tambi\u00e9n se hicieron llegar palabras de aliento y fortaleza a su hijo y a toda su familia en este dif\u00edcil momento.&nbsp;<\/p>\n\n\n\n<figure class=\"wp-block-gallery has-nested-images columns-default is-cropped wp-block-gallery-1 is-layout-flex wp-block-gallery-is-layout-flex\">\n<figure class=\"wp-block-image size-large\"><img loading=\"lazy\" decoding=\"async\" width=\"888\" height=\"807\" data-id=\"2089\" src=\"https:\/\/pasahoy.com.ar\/ph\/wp-content\/uploads\/2025\/05\/1000356187.png\" alt=\"\" class=\"wp-image-2089\" srcset=\"https:\/\/pasahoy.com.ar\/ph\/wp-content\/uploads\/2025\/05\/1000356187.png 888w, https:\/\/pasahoy.com.ar\/ph\/wp-content\/uploads\/2025\/05\/1000356187-300x273.png 300w, https:\/\/pasahoy.com.ar\/ph\/wp-content\/uploads\/2025\/05\/1000356187-768x698.png 768w\" sizes=\"auto, (max-width: 888px) 100vw, 888px\" \/><\/figure>\n<\/figure>\n","protected":false},"excerpt":{"rendered":"<p>Este mi\u00e9rcoles se conoci\u00f3 el fallecimiento del ingeniero Luis Mar\u00eda Agost Carre\u00f1o, ex intendente de la ciudad capital de La Rioja, quien dirigi\u00f3 los destinos del municipio durante tres mandatos consecutivos. Con profundo pesar, se confirm\u00f3 el fallecimiento de Luis Mar\u00eda Agost Carre\u00f1o, reconocido dirigente pol\u00edtico y ex intendente de la ciudad de La Rioja, [&hellip;]<\/p>\n","protected":false},"author":3,"featured_media":2089,"comment_status":"open","ping_status":"open","sticky":false,"template":"","format":"standard","meta":{"_jetpack_memberships_contains_paid_content":false,"footnotes":""},"categories":[1],"tags":[],"class_list":["post-2088","post","type-post","status-publish","format-standard","has-post-thumbnail","hentry","category-local"],"jetpack_featured_media_url":"https:\/\/pasahoy.com.ar\/ph\/wp-content\/uploads\/2025\/05\/1000356187.png","jetpack_sharing_enabled":true,"_links":{"self":[{"href":"https:\/\/pasahoy.com.ar\/ph\/wp-json\/wp\/v2\/posts\/2088","targetHints":{"allow":["GET"]}}],"collection":[{"href":"https:\/\/pasahoy.com.ar\/ph\/wp-json\/wp\/v2\/posts"}],"about":[{"href":"https:\/\/pasahoy.com.ar\/ph\/wp-json\/wp\/v2\/types\/post"}],"author":[{"embeddable":true,"href":"https:\/\/pasahoy.com.ar\/ph\/wp-json\/wp\/v2\/users\/3"}],"replies":[{"embeddable":true,"href":"https:\/\/pasahoy.com.ar\/ph\/wp-json\/wp\/v2\/comments?post=2088"}],"version-history":[{"count":1,"href":"https:\/\/pasahoy.com.ar\/ph\/wp-json\/wp\/v2\/posts\/2088\/revisions"}],"predecessor-version":[{"id":2090,"href":"https:\/\/pasahoy.com.ar\/ph\/wp-json\/wp\/v2\/posts\/2088\/revisions\/2090"}],"wp:featuredmedia":[{"embeddable":true,"href":"https:\/\/pasahoy.com.ar\/ph\/wp-json\/wp\/v2\/media\/2089"}],"wp:attachment":[{"href":"https:\/\/pasahoy.com.ar\/ph\/wp-json\/wp\/v2\/media?parent=2088"}],"wp:term":[{"taxonomy":"category","embeddable":true,"href":"https:\/\/pasahoy.com.ar\/ph\/wp-json\/wp\/v2\/categories?post=2088"},{"taxonomy":"post_tag","embeddable":true,"href":"https:\/\/pasahoy.com.ar\/ph\/wp-json\/wp\/v2\/tags?post=2088"}],"curies":[{"name":"wp","href":"https:\/\/api.w.org\/{rel}","templated":true}]}}