{"id":2085,"date":"2025-05-21T18:59:41","date_gmt":"2025-05-21T18:59:41","guid":{"rendered":"https:\/\/pasahoy.com.ar\/ph\/?p=2085"},"modified":"2025-05-21T18:59:53","modified_gmt":"2025-05-21T18:59:53","slug":"revelan-que-carmen-barbieri-puso-fin-a-una-intima-amistad-de-30-anos-de-quien-se-trata","status":"publish","type":"post","link":"https:\/\/pasahoy.com.ar\/ph\/revelan-que-carmen-barbieri-puso-fin-a-una-intima-amistad-de-30-anos-de-quien-se-trata\/","title":{"rendered":"Revelan que Carmen Barbieri puso fin a una \u00edntima amistad de 30 a\u00f1os: de qui\u00e9n se trata"},"content":{"rendered":"\n<p>La conductora y la actriz dieron por terminada una larga amistad en la que vivieron momentos muy importantes. <\/p>\n\n\n\n<p>Son amigas de toda la vida.&nbsp;<strong>Sandra Dom\u00ednguez&nbsp;<\/strong>estuvo al lado de<strong>&nbsp;Carmen Barbieri&nbsp;<\/strong>siempre, en las buenas y en las malas, pero esa amistad de m\u00e1s de 30 a\u00f1os lleg\u00f3 a su fin. Juan Etchegoyen dio a conocer en los pormenores de una noticia que es sorpresiva.<\/p>\n\n\n\n<p>\u201cEllas eran tan amigas que a lo largo de todos estos a\u00f1os siempre que ella ten\u00eda un problema de salud o pasaba algo acud\u00edamos los periodistas a esta amiga suya que adem\u00e1s es una persona muy famosa del mundo del espect\u00e1culo\u201d, cont\u00f3 el periodista. <\/p>\n\n\n\n<p>Lueho cont\u00f3 que \u201cla amistad que lleg\u00f3 a su fin es la amistad de Carmen Barbieri y su \u00edntima amiga Sandra Dom\u00ednguez. Est\u00e1 todo bastante mal\u201d.<\/p>\n\n\n\n<p>\u201cHace dos meses Carmen bloque\u00f3 a Sandra Dom\u00ednguez de su WhatsApp y de esa manera se termina esta amistad que ya Sandra da como terminada. Lo peor es que no hubo un motivo que yo pueda darte a esta hora porque por lo menos Sandra no sabe por qu\u00e9 pas\u00f3 esto\u201d, dijo al respecto Etchegoyen.<\/p>\n\n\n\n<p>Y concluy\u00f3: \u201cVeremos si en alg\u00fan momento se da alg\u00fan tipo de explicaci\u00f3n pero la relaci\u00f3n caduc\u00f3 hace poco y parece no tener retorno\u201d.<\/p>\n\n\n\n<figure class=\"wp-block-gallery has-nested-images columns-default is-cropped wp-block-gallery-1 is-layout-flex wp-block-gallery-is-layout-flex\">\n<figure class=\"wp-block-image size-large\"><img loading=\"lazy\" decoding=\"async\" width=\"1024\" height=\"770\" data-id=\"2086\" src=\"https:\/\/pasahoy.com.ar\/ph\/wp-content\/uploads\/2025\/05\/1000356177.png\" alt=\"\" class=\"wp-image-2086\" srcset=\"https:\/\/pasahoy.com.ar\/ph\/wp-content\/uploads\/2025\/05\/1000356177.png 1024w, https:\/\/pasahoy.com.ar\/ph\/wp-content\/uploads\/2025\/05\/1000356177-300x226.png 300w, https:\/\/pasahoy.com.ar\/ph\/wp-content\/uploads\/2025\/05\/1000356177-768x578.png 768w\" sizes=\"auto, (max-width: 1024px) 100vw, 1024px\" \/><\/figure>\n<\/figure>\n","protected":false},"excerpt":{"rendered":"<p>La conductora y la actriz dieron por terminada una larga amistad en la que vivieron momentos muy importantes. Son amigas de toda la vida.&nbsp;Sandra Dom\u00ednguez&nbsp;estuvo al lado de&nbsp;Carmen Barbieri&nbsp;siempre, en las buenas y en las malas, pero esa amistad de m\u00e1s de 30 a\u00f1os lleg\u00f3 a su fin. Juan Etchegoyen dio a conocer en los [&hellip;]<\/p>\n","protected":false},"author":3,"featured_media":2086,"comment_status":"open","ping_status":"open","sticky":false,"template":"","format":"standard","meta":{"_jetpack_memberships_contains_paid_content":false,"footnotes":""},"categories":[5],"tags":[],"class_list":["post-2085","post","type-post","status-publish","format-standard","has-post-thumbnail","hentry","category-espectaculo"],"jetpack_featured_media_url":"https:\/\/pasahoy.com.ar\/ph\/wp-content\/uploads\/2025\/05\/1000356177.png","jetpack_sharing_enabled":true,"_links":{"self":[{"href":"https:\/\/pasahoy.com.ar\/ph\/wp-json\/wp\/v2\/posts\/2085","targetHints":{"allow":["GET"]}}],"collection":[{"href":"https:\/\/pasahoy.com.ar\/ph\/wp-json\/wp\/v2\/posts"}],"about":[{"href":"https:\/\/pasahoy.com.ar\/ph\/wp-json\/wp\/v2\/types\/post"}],"author":[{"embeddable":true,"href":"https:\/\/pasahoy.com.ar\/ph\/wp-json\/wp\/v2\/users\/3"}],"replies":[{"embeddable":true,"href":"https:\/\/pasahoy.com.ar\/ph\/wp-json\/wp\/v2\/comments?post=2085"}],"version-history":[{"count":1,"href":"https:\/\/pasahoy.com.ar\/ph\/wp-json\/wp\/v2\/posts\/2085\/revisions"}],"predecessor-version":[{"id":2087,"href":"https:\/\/pasahoy.com.ar\/ph\/wp-json\/wp\/v2\/posts\/2085\/revisions\/2087"}],"wp:featuredmedia":[{"embeddable":true,"href":"https:\/\/pasahoy.com.ar\/ph\/wp-json\/wp\/v2\/media\/2086"}],"wp:attachment":[{"href":"https:\/\/pasahoy.com.ar\/ph\/wp-json\/wp\/v2\/media?parent=2085"}],"wp:term":[{"taxonomy":"category","embeddable":true,"href":"https:\/\/pasahoy.com.ar\/ph\/wp-json\/wp\/v2\/categories?post=2085"},{"taxonomy":"post_tag","embeddable":true,"href":"https:\/\/pasahoy.com.ar\/ph\/wp-json\/wp\/v2\/tags?post=2085"}],"curies":[{"name":"wp","href":"https:\/\/api.w.org\/{rel}","templated":true}]}}