{"id":2081,"date":"2025-05-21T18:54:23","date_gmt":"2025-05-21T18:54:23","guid":{"rendered":"https:\/\/pasahoy.com.ar\/ph\/?p=2081"},"modified":"2025-05-21T18:55:01","modified_gmt":"2025-05-21T18:55:01","slug":"congreso-se-cayo-la-sesion-en-diputados-para-avanzar-con-el-caso-libra-y-jubilaciones","status":"publish","type":"post","link":"https:\/\/pasahoy.com.ar\/ph\/congreso-se-cayo-la-sesion-en-diputados-para-avanzar-con-el-caso-libra-y-jubilaciones\/","title":{"rendered":"Congreso: se cay\u00f3 la sesi\u00f3n en Diputados para avanzar con el caso $Libra\u00a0y\u00a0jubilaciones"},"content":{"rendered":"\n<p>Estaba convocada para el mediod\u00eda; la intenci\u00f3n de votar a las nuevas autoridades de la AGN desat\u00f3 roces entre los aliados y hubo ausencias en casi todos los bloques <\/p>\n\n\n\n<p>La oposici\u00f3n no consigui\u00f3 quorum y se cay\u00f3 la sesi\u00f3n por el aumento de las jubilaciones y el caso $LIBRA. <\/p>\n\n\n\n<p>La sesi\u00f3n convocada para este mediod\u00eda, con el objetivo de tratar una mejora en los<strong>&nbsp;haberes jubilatorios&nbsp;<\/strong>y regularizar la comisi\u00f3n que investiga el caso&nbsp;<strong>$LIBRA<\/strong>, qued\u00f3 al borde del naufragio.<\/p>\n\n\n\n<p><a href=\"https:\/\/www.lanacion.com.ar\/politica\/las-definiciones-de-adorni-tras-ganar-en-la-ciudad-el-fuerte-ausentismo-el-nuevo-vocero-y-una-nid21052025\/\">Despu\u00e9s del triunfo<\/a>&nbsp;en los comicios legislativos porte\u00f1os del domingo pasado, la&nbsp;<strong>Casa Rosada<\/strong>&nbsp;se prepara para resistir con sus aliados. Hasta \u00faltima hora, el oficialismo hizo denodados esfuerzos para evitar que la oposici\u00f3n alcance el n\u00famero m\u00e1gico de 129 voluntades en el recinto. <\/p>\n\n\n\n<p>La&nbsp;<strong>demanda colectiva<\/strong>&nbsp;que se inici\u00f3 en Estados Unidos por la criptomoneda&nbsp;<a href=\"https:\/\/www.lanacion.com.ar\/politica\/el-gobierno-elimino-la-unidad-de-tareas-de-investigacion-creada-para-recabar-informacion-sobre-el-nid20052025\/\"><strong>$LIBRA<\/strong><\/a>&nbsp;cobr\u00f3 una nueva dimensi\u00f3n judicial.&nbsp;<strong>Pas\u00f3 del fuero estadual al federal<\/strong>&nbsp;y, por si fuera poco,&nbsp;<strong>se unific\u00f3 con otra demanda colectiva<\/strong>&nbsp;que por otro criptoactivo afrontan en Nueva York el \u201cempresario\u201d&nbsp;<a href=\"https:\/\/www.lanacion.com.ar\/politica\/diputados-la-oposicion-desafia-al-oficialismo-con-una-sesion-especial-y-un-temario-que-incomoda-al-nid20052025\/\"><strong>Hayden Mark Davis<\/strong><\/a>, su hermano, su padre y otros protagonistas del esc\u00e1ndalo.<\/p>\n\n\n\n<figure class=\"wp-block-gallery has-nested-images columns-default is-cropped wp-block-gallery-1 is-layout-flex wp-block-gallery-is-layout-flex\"><\/figure>\n\n\n\n<figure class=\"wp-block-gallery has-nested-images columns-default is-cropped wp-block-gallery-2 is-layout-flex wp-block-gallery-is-layout-flex\">\n<figure class=\"wp-block-image size-large\"><img loading=\"lazy\" decoding=\"async\" width=\"944\" height=\"538\" data-id=\"2083\" src=\"https:\/\/pasahoy.com.ar\/ph\/wp-content\/uploads\/2025\/05\/1000356161.png\" alt=\"\" class=\"wp-image-2083\" srcset=\"https:\/\/pasahoy.com.ar\/ph\/wp-content\/uploads\/2025\/05\/1000356161.png 944w, https:\/\/pasahoy.com.ar\/ph\/wp-content\/uploads\/2025\/05\/1000356161-300x171.png 300w, https:\/\/pasahoy.com.ar\/ph\/wp-content\/uploads\/2025\/05\/1000356161-768x438.png 768w\" sizes=\"auto, (max-width: 944px) 100vw, 944px\" \/><\/figure>\n<\/figure>\n","protected":false},"excerpt":{"rendered":"<p>Estaba convocada para el mediod\u00eda; la intenci\u00f3n de votar a las nuevas autoridades de la AGN desat\u00f3 roces entre los aliados y hubo ausencias en casi todos los bloques La oposici\u00f3n no consigui\u00f3 quorum y se cay\u00f3 la sesi\u00f3n por el aumento de las jubilaciones y el caso $LIBRA. La sesi\u00f3n convocada para este mediod\u00eda, [&hellip;]<\/p>\n","protected":false},"author":3,"featured_media":2083,"comment_status":"open","ping_status":"open","sticky":false,"template":"","format":"standard","meta":{"_jetpack_memberships_contains_paid_content":false,"footnotes":""},"categories":[2],"tags":[],"class_list":["post-2081","post","type-post","status-publish","format-standard","has-post-thumbnail","hentry","category-nacional"],"jetpack_featured_media_url":"https:\/\/pasahoy.com.ar\/ph\/wp-content\/uploads\/2025\/05\/1000356161.png","jetpack_sharing_enabled":true,"_links":{"self":[{"href":"https:\/\/pasahoy.com.ar\/ph\/wp-json\/wp\/v2\/posts\/2081","targetHints":{"allow":["GET"]}}],"collection":[{"href":"https:\/\/pasahoy.com.ar\/ph\/wp-json\/wp\/v2\/posts"}],"about":[{"href":"https:\/\/pasahoy.com.ar\/ph\/wp-json\/wp\/v2\/types\/post"}],"author":[{"embeddable":true,"href":"https:\/\/pasahoy.com.ar\/ph\/wp-json\/wp\/v2\/users\/3"}],"replies":[{"embeddable":true,"href":"https:\/\/pasahoy.com.ar\/ph\/wp-json\/wp\/v2\/comments?post=2081"}],"version-history":[{"count":2,"href":"https:\/\/pasahoy.com.ar\/ph\/wp-json\/wp\/v2\/posts\/2081\/revisions"}],"predecessor-version":[{"id":2084,"href":"https:\/\/pasahoy.com.ar\/ph\/wp-json\/wp\/v2\/posts\/2081\/revisions\/2084"}],"wp:featuredmedia":[{"embeddable":true,"href":"https:\/\/pasahoy.com.ar\/ph\/wp-json\/wp\/v2\/media\/2083"}],"wp:attachment":[{"href":"https:\/\/pasahoy.com.ar\/ph\/wp-json\/wp\/v2\/media?parent=2081"}],"wp:term":[{"taxonomy":"category","embeddable":true,"href":"https:\/\/pasahoy.com.ar\/ph\/wp-json\/wp\/v2\/categories?post=2081"},{"taxonomy":"post_tag","embeddable":true,"href":"https:\/\/pasahoy.com.ar\/ph\/wp-json\/wp\/v2\/tags?post=2081"}],"curies":[{"name":"wp","href":"https:\/\/api.w.org\/{rel}","templated":true}]}}