{"id":2076,"date":"2025-05-21T18:48:45","date_gmt":"2025-05-21T18:48:45","guid":{"rendered":"https:\/\/pasahoy.com.ar\/ph\/?p=2076"},"modified":"2025-05-21T18:48:45","modified_gmt":"2025-05-21T18:48:45","slug":"ovidelar-impulsa-capacitaciones-obligatorias-sobre-la-ley-de-victimas","status":"publish","type":"post","link":"https:\/\/pasahoy.com.ar\/ph\/ovidelar-impulsa-capacitaciones-obligatorias-sobre-la-ley-de-victimas\/","title":{"rendered":"OVIDELaR impulsa capacitaciones obligatorias sobre la Ley de V\u00edctimas"},"content":{"rendered":"\n<p>La vicegobernadora Teresita Madera presidi\u00f3 una nueva sesi\u00f3n del Observatorio de V\u00edctimas de Delitos de La Rioja (OVIDELaR), acompa\u00f1ada por el secretario del organismo, Nicol\u00e1s Corzo. En la oportunidad, se abordaron y aprobaron iniciativas clave orientadas a fortalecer el abordaje institucional de los derechos de las v\u00edctimas.<\/p>\n\n\n\n<figure class=\"wp-block-gallery has-nested-images columns-default is-cropped wp-block-gallery-1 is-layout-flex wp-block-gallery-is-layout-flex\">\n<figure class=\"wp-block-image size-large\"><img loading=\"lazy\" decoding=\"async\" width=\"1024\" height=\"682\" data-id=\"2078\" src=\"https:\/\/pasahoy.com.ar\/ph\/wp-content\/uploads\/2025\/05\/1000356155-1024x682.jpg\" alt=\"\" class=\"wp-image-2078\" srcset=\"https:\/\/pasahoy.com.ar\/ph\/wp-content\/uploads\/2025\/05\/1000356155-1024x682.jpg 1024w, https:\/\/pasahoy.com.ar\/ph\/wp-content\/uploads\/2025\/05\/1000356155-300x200.jpg 300w, https:\/\/pasahoy.com.ar\/ph\/wp-content\/uploads\/2025\/05\/1000356155-768x512.jpg 768w, https:\/\/pasahoy.com.ar\/ph\/wp-content\/uploads\/2025\/05\/1000356155-1536x1023.jpg 1536w, https:\/\/pasahoy.com.ar\/ph\/wp-content\/uploads\/2025\/05\/1000356155.jpg 1600w\" sizes=\"auto, (max-width: 1024px) 100vw, 1024px\" \/><\/figure>\n\n\n\n<figure class=\"wp-block-image size-large\"><img loading=\"lazy\" decoding=\"async\" width=\"1024\" height=\"655\" data-id=\"2077\" src=\"https:\/\/pasahoy.com.ar\/ph\/wp-content\/uploads\/2025\/05\/1000356154-1024x655.jpg\" alt=\"\" class=\"wp-image-2077\" srcset=\"https:\/\/pasahoy.com.ar\/ph\/wp-content\/uploads\/2025\/05\/1000356154-1024x655.jpg 1024w, https:\/\/pasahoy.com.ar\/ph\/wp-content\/uploads\/2025\/05\/1000356154-300x192.jpg 300w, https:\/\/pasahoy.com.ar\/ph\/wp-content\/uploads\/2025\/05\/1000356154-768x492.jpg 768w, https:\/\/pasahoy.com.ar\/ph\/wp-content\/uploads\/2025\/05\/1000356154-1536x983.jpg 1536w, https:\/\/pasahoy.com.ar\/ph\/wp-content\/uploads\/2025\/05\/1000356154.jpg 1600w\" sizes=\"auto, (max-width: 1024px) 100vw, 1024px\" \/><\/figure>\n\n\n\n<figure class=\"wp-block-image size-large\"><img loading=\"lazy\" decoding=\"async\" width=\"1024\" height=\"682\" data-id=\"2079\" src=\"https:\/\/pasahoy.com.ar\/ph\/wp-content\/uploads\/2025\/05\/1000356153-1024x682.jpg\" alt=\"\" class=\"wp-image-2079\" srcset=\"https:\/\/pasahoy.com.ar\/ph\/wp-content\/uploads\/2025\/05\/1000356153-1024x682.jpg 1024w, https:\/\/pasahoy.com.ar\/ph\/wp-content\/uploads\/2025\/05\/1000356153-300x200.jpg 300w, https:\/\/pasahoy.com.ar\/ph\/wp-content\/uploads\/2025\/05\/1000356153-768x512.jpg 768w, https:\/\/pasahoy.com.ar\/ph\/wp-content\/uploads\/2025\/05\/1000356153-1536x1023.jpg 1536w, https:\/\/pasahoy.com.ar\/ph\/wp-content\/uploads\/2025\/05\/1000356153.jpg 1600w\" sizes=\"auto, (max-width: 1024px) 100vw, 1024px\" \/><\/figure>\n<\/figure>\n\n\n\n<p>Uno de los avances m\u00e1s significativos fue la modificaci\u00f3n del art\u00edculo 17 inciso d de la Ley N\u00b0 10.286, mediante la cual se aclararon las competencias del Observatorio, con el fin de garantizar el pleno respeto de las atribuciones de los diferentes poderes del Estado.<\/p>\n\n\n\n<p>Asimismo, se dio aprobaci\u00f3n por mayor\u00eda al Proyecto de Ley que establece capacitaciones obligatorias en el marco de la Ley de V\u00edctimas, destinadas a diversos sectores e instituciones. Esta iniciativa busca fortalecer la formaci\u00f3n de los agentes estatales en el acompa\u00f1amiento y contenci\u00f3n de personas que atraviesan situaciones de victimizaci\u00f3n.<\/p>\n\n\n\n<p>En la misma l\u00ednea, se analiz\u00f3 y respald\u00f3 la propuesta de ampliaci\u00f3n de los miembros del Observatorio, con el objetivo de garantizar una representaci\u00f3n m\u00e1s amplia y plural dentro del organismo. Tambi\u00e9n se presentaron propuestas de convenios de cooperaci\u00f3n institucional, orientados a profundizar la implementaci\u00f3n de la Ley de V\u00edctimas en los distintos \u00e1mbitos del Estado.<\/p>\n\n\n\n<p>La sesi\u00f3n cont\u00f3 con la participaci\u00f3n de la vicepresidenta segunda de la C\u00e1mara, Teresita Luna, y de los diputados Carla Aliendro, Luis Rojo y Liliana Medina.<\/p>\n\n\n\n<p>Desde el Poder Ejecutivo, acompa\u00f1aron funcionarias de la Secretar\u00eda de la Mujer y Diversidad, la Subsecretar\u00eda de Familia, Ni\u00f1ez y Adolescencia. Obispado, Consejo de Abogados, y representantes de organizaciones de la sociedad civil comprometidas con la defensa de los derechos de las v\u00edctimas.<\/p>\n","protected":false},"excerpt":{"rendered":"<p>La vicegobernadora Teresita Madera presidi\u00f3 una nueva sesi\u00f3n del Observatorio de V\u00edctimas de Delitos de La Rioja (OVIDELaR), acompa\u00f1ada por el secretario del organismo, Nicol\u00e1s Corzo. En la oportunidad, se abordaron y aprobaron iniciativas clave orientadas a fortalecer el abordaje institucional de los derechos de las v\u00edctimas. Uno de los avances m\u00e1s significativos fue la [&hellip;]<\/p>\n","protected":false},"author":3,"featured_media":2078,"comment_status":"open","ping_status":"open","sticky":false,"template":"","format":"standard","meta":{"_jetpack_memberships_contains_paid_content":false,"footnotes":""},"categories":[1],"tags":[],"class_list":["post-2076","post","type-post","status-publish","format-standard","has-post-thumbnail","hentry","category-local"],"jetpack_featured_media_url":"https:\/\/pasahoy.com.ar\/ph\/wp-content\/uploads\/2025\/05\/1000356155.jpg","jetpack_sharing_enabled":true,"_links":{"self":[{"href":"https:\/\/pasahoy.com.ar\/ph\/wp-json\/wp\/v2\/posts\/2076","targetHints":{"allow":["GET"]}}],"collection":[{"href":"https:\/\/pasahoy.com.ar\/ph\/wp-json\/wp\/v2\/posts"}],"about":[{"href":"https:\/\/pasahoy.com.ar\/ph\/wp-json\/wp\/v2\/types\/post"}],"author":[{"embeddable":true,"href":"https:\/\/pasahoy.com.ar\/ph\/wp-json\/wp\/v2\/users\/3"}],"replies":[{"embeddable":true,"href":"https:\/\/pasahoy.com.ar\/ph\/wp-json\/wp\/v2\/comments?post=2076"}],"version-history":[{"count":1,"href":"https:\/\/pasahoy.com.ar\/ph\/wp-json\/wp\/v2\/posts\/2076\/revisions"}],"predecessor-version":[{"id":2080,"href":"https:\/\/pasahoy.com.ar\/ph\/wp-json\/wp\/v2\/posts\/2076\/revisions\/2080"}],"wp:featuredmedia":[{"embeddable":true,"href":"https:\/\/pasahoy.com.ar\/ph\/wp-json\/wp\/v2\/media\/2078"}],"wp:attachment":[{"href":"https:\/\/pasahoy.com.ar\/ph\/wp-json\/wp\/v2\/media?parent=2076"}],"wp:term":[{"taxonomy":"category","embeddable":true,"href":"https:\/\/pasahoy.com.ar\/ph\/wp-json\/wp\/v2\/categories?post=2076"},{"taxonomy":"post_tag","embeddable":true,"href":"https:\/\/pasahoy.com.ar\/ph\/wp-json\/wp\/v2\/tags?post=2076"}],"curies":[{"name":"wp","href":"https:\/\/api.w.org\/{rel}","templated":true}]}}