{"id":2058,"date":"2025-05-20T04:28:46","date_gmt":"2025-05-20T04:28:46","guid":{"rendered":"https:\/\/pasahoy.com.ar\/ph\/?p=2058"},"modified":"2025-05-20T04:28:58","modified_gmt":"2025-05-20T04:28:58","slug":"oriana-sabatini-y-paulo-dybala-deslumbraron-en-cannes-las-fotos-de-su-paso-por-la-alfombra-roja","status":"publish","type":"post","link":"https:\/\/pasahoy.com.ar\/ph\/oriana-sabatini-y-paulo-dybala-deslumbraron-en-cannes-las-fotos-de-su-paso-por-la-alfombra-roja\/","title":{"rendered":"Oriana Sabatini y Paulo Dybala deslumbraron en Cannes: las fotos de su paso por la alfombra roja"},"content":{"rendered":"\n<p>La pareja estuvo presente en el prestigioso festival de cine para ver la premiere de la \u00faltima pel\u00edcula de Spike Lee. <\/p>\n\n\n\n<p>Oriana Sabatini y Paulo Dybala acapararon todas las miradas en la alfombra roja del Festival de Cannes al asistir al estreno de la pel\u00edcula Highest <\/p>\n\n\n\n<p>Los fot\u00f3grafos no se perdieron la presencia de la pareja en el evento que se lleva a cabo del 13 al 24 de mayo.<\/p>\n\n\n\n<p>Oriana deslumbr\u00f3 con un vestido que combinaba elegancia y modernidad, mientras que el futbolista no se qued\u00f3 atr\u00e1s con un traje que reflejaba su estilo sofisticado. <\/p>\n\n\n\n<p><em><strong>Highest 2 Lowest\u00a0<\/strong><\/em>marca la \u00faltima colaboraci\u00f3n entre el director Spike Lee y el actor Denzel Washington, una dupla que ya dej\u00f3 su marca en el cine. Se trata de un thriller criminal ambientado en Nueva York que explora las tensiones entre los barrios ricos del East River y la comunidad de Brighton Beach en Brooklyn.<\/p>\n\n\n\n<h2 class=\"wp-block-heading\">Paulo Dybala cont\u00f3 que est\u00e1 buscando un hijo con Oriana Sabatini<\/h2>\n\n\n\n<p>A principios de mes,&nbsp;<a href=\"https:\/\/tn.com.ar\/deportes\/futbol\/2025\/04\/24\/los-tres-jugadores-de-la-seleccion-argentina-que-fueron-a-despedir-al-papa-francisco\/\"><strong>Paulo Dybala<\/strong><\/a>&nbsp;<strong>habl\u00f3 por primera vez sobre su deseo de agrandar la familia con&nbsp;<\/strong><a href=\"https:\/\/tn.com.ar\/estilo\/celebridades\/2025\/05\/04\/short-de-jean-corset-y-blazer-el-look-100-tendencia-que-armo-oriana-sabatini\/\"><strong>Oriana Sabatini<\/strong><\/a>. Durante una entrevista, se mostr\u00f3 optimista y revel\u00f3 hace cu\u00e1nto tiempo que est\u00e1n en la b\u00fasqueda.<\/p>\n\n\n\n<p><strong>\u201c\u00bfTen\u00e9s pensado ser padre?\u201d<\/strong>, le pregunt\u00f3 Gast\u00f3n Edul en el streaming&nbsp;<em>Los Edul<\/em>. Y, sin dudarlo, el futbolista respondi\u00f3:&nbsp;<strong>\u201cMe encantar\u00eda, s\u00ed\u201d<\/strong>.<\/p>\n\n\n\n<p>Adem\u00e1s, dej\u00f3 entrever que la situaci\u00f3n lo pone un poco ansioso. \u201cLa verdad es que estamos buscando.&nbsp;<strong>Estamos esperando que llegue<\/strong>\u201d, sostuvo.<\/p>\n\n\n\n<figure class=\"wp-block-gallery has-nested-images columns-default is-cropped wp-block-gallery-1 is-layout-flex wp-block-gallery-is-layout-flex\">\n<figure class=\"wp-block-image size-large\"><img loading=\"lazy\" decoding=\"async\" width=\"908\" height=\"523\" data-id=\"2059\" src=\"https:\/\/pasahoy.com.ar\/ph\/wp-content\/uploads\/2025\/05\/1000351034.png\" alt=\"\" class=\"wp-image-2059\" srcset=\"https:\/\/pasahoy.com.ar\/ph\/wp-content\/uploads\/2025\/05\/1000351034.png 908w, https:\/\/pasahoy.com.ar\/ph\/wp-content\/uploads\/2025\/05\/1000351034-300x173.png 300w, https:\/\/pasahoy.com.ar\/ph\/wp-content\/uploads\/2025\/05\/1000351034-768x442.png 768w\" sizes=\"auto, (max-width: 908px) 100vw, 908px\" \/><\/figure>\n<\/figure>\n","protected":false},"excerpt":{"rendered":"<p>La pareja estuvo presente en el prestigioso festival de cine para ver la premiere de la \u00faltima pel\u00edcula de Spike Lee. Oriana Sabatini y Paulo Dybala acapararon todas las miradas en la alfombra roja del Festival de Cannes al asistir al estreno de la pel\u00edcula Highest Los fot\u00f3grafos no se perdieron la presencia de la [&hellip;]<\/p>\n","protected":false},"author":3,"featured_media":2059,"comment_status":"open","ping_status":"open","sticky":false,"template":"","format":"standard","meta":{"_jetpack_memberships_contains_paid_content":false,"footnotes":""},"categories":[5],"tags":[],"class_list":["post-2058","post","type-post","status-publish","format-standard","has-post-thumbnail","hentry","category-espectaculo"],"jetpack_featured_media_url":"https:\/\/pasahoy.com.ar\/ph\/wp-content\/uploads\/2025\/05\/1000351034.png","jetpack_sharing_enabled":true,"_links":{"self":[{"href":"https:\/\/pasahoy.com.ar\/ph\/wp-json\/wp\/v2\/posts\/2058","targetHints":{"allow":["GET"]}}],"collection":[{"href":"https:\/\/pasahoy.com.ar\/ph\/wp-json\/wp\/v2\/posts"}],"about":[{"href":"https:\/\/pasahoy.com.ar\/ph\/wp-json\/wp\/v2\/types\/post"}],"author":[{"embeddable":true,"href":"https:\/\/pasahoy.com.ar\/ph\/wp-json\/wp\/v2\/users\/3"}],"replies":[{"embeddable":true,"href":"https:\/\/pasahoy.com.ar\/ph\/wp-json\/wp\/v2\/comments?post=2058"}],"version-history":[{"count":1,"href":"https:\/\/pasahoy.com.ar\/ph\/wp-json\/wp\/v2\/posts\/2058\/revisions"}],"predecessor-version":[{"id":2060,"href":"https:\/\/pasahoy.com.ar\/ph\/wp-json\/wp\/v2\/posts\/2058\/revisions\/2060"}],"wp:featuredmedia":[{"embeddable":true,"href":"https:\/\/pasahoy.com.ar\/ph\/wp-json\/wp\/v2\/media\/2059"}],"wp:attachment":[{"href":"https:\/\/pasahoy.com.ar\/ph\/wp-json\/wp\/v2\/media?parent=2058"}],"wp:term":[{"taxonomy":"category","embeddable":true,"href":"https:\/\/pasahoy.com.ar\/ph\/wp-json\/wp\/v2\/categories?post=2058"},{"taxonomy":"post_tag","embeddable":true,"href":"https:\/\/pasahoy.com.ar\/ph\/wp-json\/wp\/v2\/tags?post=2058"}],"curies":[{"name":"wp","href":"https:\/\/api.w.org\/{rel}","templated":true}]}}