{"id":2040,"date":"2025-05-19T13:20:14","date_gmt":"2025-05-19T13:20:14","guid":{"rendered":"https:\/\/pasahoy.com.ar\/ph\/?p=2040"},"modified":"2025-05-19T13:20:28","modified_gmt":"2025-05-19T13:20:28","slug":"auh-de-anses-con-el-nuevo-aumento-y-la-tarjeta-alimentar-cuanto-se-cobra-en-junio","status":"publish","type":"post","link":"https:\/\/pasahoy.com.ar\/ph\/auh-de-anses-con-el-nuevo-aumento-y-la-tarjeta-alimentar-cuanto-se-cobra-en-junio\/","title":{"rendered":"AUH de ANSES: con el nuevo aumento y la Tarjeta Alimentar, \u00bfcu\u00e1nto se cobra en junio?"},"content":{"rendered":"\n<p>La Administraci\u00f3n Nacional de la Seguridad Social (ANSES) confirm\u00f3 un incremento en los montos para los titulares de la Asignaci\u00f3n Universal por Hijo (AUH) a partir del dato de inflaci\u00f3n de abril. Adem\u00e1s, se mantienen los pagos adicionales, por lo que los ingresos de estos beneficiarios se elevar\u00e1n m\u00e1s. <\/p>\n\n\n\n<p>A partir de junio de 2025, la\u00a0<a href=\"https:\/\/www.cronica.com.ar\/tags\/ANSES\" target=\"_blank\" rel=\"noreferrer noopener\"><strong>Administraci\u00f3n Nacional de la Seguridad Social (ANSES)<\/strong><\/a>\u00a0aplicar\u00e1 un\u00a0<a href=\"https:\/\/www.cronica.com.ar\/tags\/AUH\" target=\"_blank\" rel=\"noreferrer noopener\"><strong>aumento\u00a0<\/strong><\/a>del 2,8% en los montos de la\u00a0<a href=\"https:\/\/www.cronica.com.ar\/tags\/AUH\" target=\"_blank\" rel=\"noreferrer noopener\"><strong>Asignaci\u00f3n Universal por Hijo (AUH)<\/strong><\/a>\u00a0y el\u00a0<strong>Sistema \u00danico de Asignaciones Familiares (SUAF)<\/strong>, en funci\u00f3n de la inflaci\u00f3n registrada en abril, seg\u00fan el\u00a0<em>\u00cdndice de Precios al Consumidor<\/em>\u00a0(IPC). <\/p>\n\n\n\n<p>Adem\u00e1s del\u00a0<strong>aumento\u00a0<\/strong>del 2,8% previsto para junio,\u00a0<strong>ANSES\u00a0<\/strong>confirm\u00f3 que los titulares de la\u00a0<strong>AUH\u00a0<\/strong>continuar\u00e1n recibiendo algunos pagos adicionales como la\u00a0<strong>Tarjeta Alimentar<\/strong>, que a pesar de mantenerse en los mismos valores, significa una ayuda importante para los beneficiarios de esta asignaci\u00f3n. <\/p>\n\n\n\n<h2 class=\"wp-block-heading\">\u00bfCu\u00e1nto se cobrar\u00e1 por AUH en junio?<\/h2>\n\n\n\n<p>Con el nuevo aumento del 2,8%, los montos que percibir\u00e1n los titulares de la AUH ser\u00e1n los siguientes:<\/p>\n\n\n\n<ul class=\"wp-block-list\">\n<li><strong>AUH por hijo:\u00a0<\/strong>$109.519<br>Monto a cobrar en junio (con el 20% retenido): $87.614<\/li>\n\n\n\n<li><strong>AUH por hijo con discapacidad:\u00a0<\/strong>$356.614<br>Monto a cobrar en junio (con el 20% retenido): $285.291<\/li>\n<\/ul>\n\n\n\n<p>Es importante recordar que ANSES retiene el 20% de la asignaci\u00f3n mensual y lo abona al final del a\u00f1o cuando el titular presenta la Libreta AUH, un formulario que certifica que los ni\u00f1os a cargo est\u00e1n escolarizados y cumplen con los controles de salud obligatorios.<\/p>\n\n\n\n<h2 class=\"wp-block-heading\">\u00bfQu\u00e9 pasa con la Tarjeta Alimentar y los dem\u00e1s extras?<\/h2>\n\n\n\n<p>La Tarjeta Alimentar es uno de los beneficios complementarios m\u00e1s relevantes para las familias que cobran la AUH. Se paga de forma autom\u00e1tica y tiene como fin garantizar el acceso a una alimentaci\u00f3n b\u00e1sica. En junio continuar\u00e1 con los mismos montos vigentes:<\/p>\n\n\n\n<ol class=\"wp-block-list\">\n<li>Familias con un hijo: $52.250<\/li>\n\n\n\n<li>Familias con dos hijos: $81.936<\/li>\n\n\n\n<li>Familias con tres o m\u00e1s hijos: $108.062<\/li>\n<\/ol>\n\n\n\n<p>Adem\u00e1s, quienes tengan hijos menores de tres a\u00f1os recibir\u00e1n el&nbsp;<strong>Complemento Leche del Plan 1000 D\u00edas<\/strong>, que tambi\u00e9n se actualiza por movilidad y pasar\u00e1 a ser de&nbsp;<strong>$41.290<\/strong>.<\/p>\n\n\n\n<p>En junio tambi\u00e9n continuar\u00e1 vigente la<strong>&nbsp;Ayuda Escolar Anual<\/strong>, que se mantendr\u00e1 en&nbsp;<strong>$85.000&nbsp;<\/strong>por hijo, y se pagar\u00e1 una vez al a\u00f1o por cada hijo en edad escolar.<\/p>\n\n\n\n<p>Con todos estos beneficios, una familia que reciba AUH por tres hijos (monto neto de $87.614 cada uno), m\u00e1s la Tarjeta Alimentar por tres o m\u00e1s hijos y el Complemento Leche en caso de tener un menor de tres a\u00f1os, podr\u00e1 superar los $360.000 de ingresos en junio. <\/p>\n\n\n\n<h2 class=\"wp-block-heading\">Calendario de pagos de mayo: \u00bfEn qu\u00e9 fechas cobran los beneficiarios de la AUH?<\/h2>\n\n\n\n<p>El calendario de pagos de la AUH contin\u00faa vigente con las siguientes fechas, seg\u00fan la terminaci\u00f3n del DNI:<\/p>\n\n\n\n<p>DNI 0: viernes 9 de mayo<br>DNI 1: lunes 12 de mayo<br>DNI 2: martes 13 de mayo<br>DNI 3: mi\u00e9rcoles 14 de mayo<br>DNI 4: jueves 15 de mayo<br>DNI 5: viernes 16 de mayo<br>DNI 6: lunes 19 de mayo<br>DNI 7: martes 20 de mayo<br>DNI 8: mi\u00e9rcoles 21 de mayo<br>DNI 9: jueves 22 de mayo<\/p>\n\n\n\n<figure class=\"wp-block-gallery has-nested-images columns-default is-cropped wp-block-gallery-1 is-layout-flex wp-block-gallery-is-layout-flex\">\n<figure class=\"wp-block-image size-large\"><img loading=\"lazy\" decoding=\"async\" width=\"959\" height=\"532\" data-id=\"2041\" src=\"https:\/\/pasahoy.com.ar\/ph\/wp-content\/uploads\/2025\/05\/1000348862.png\" alt=\"\" class=\"wp-image-2041\" srcset=\"https:\/\/pasahoy.com.ar\/ph\/wp-content\/uploads\/2025\/05\/1000348862.png 959w, https:\/\/pasahoy.com.ar\/ph\/wp-content\/uploads\/2025\/05\/1000348862-300x166.png 300w, https:\/\/pasahoy.com.ar\/ph\/wp-content\/uploads\/2025\/05\/1000348862-768x426.png 768w\" sizes=\"auto, (max-width: 959px) 100vw, 959px\" \/><\/figure>\n<\/figure>\n","protected":false},"excerpt":{"rendered":"<p>La Administraci\u00f3n Nacional de la Seguridad Social (ANSES) confirm\u00f3 un incremento en los montos para los titulares de la Asignaci\u00f3n Universal por Hijo (AUH) a partir del dato de inflaci\u00f3n de abril. Adem\u00e1s, se mantienen los pagos adicionales, por lo que los ingresos de estos beneficiarios se elevar\u00e1n m\u00e1s. A partir de junio de 2025, [&hellip;]<\/p>\n","protected":false},"author":3,"featured_media":2041,"comment_status":"open","ping_status":"open","sticky":false,"template":"","format":"standard","meta":{"_jetpack_memberships_contains_paid_content":false,"footnotes":""},"categories":[2],"tags":[],"class_list":["post-2040","post","type-post","status-publish","format-standard","has-post-thumbnail","hentry","category-nacional"],"jetpack_featured_media_url":"https:\/\/pasahoy.com.ar\/ph\/wp-content\/uploads\/2025\/05\/1000348862.png","jetpack_sharing_enabled":true,"_links":{"self":[{"href":"https:\/\/pasahoy.com.ar\/ph\/wp-json\/wp\/v2\/posts\/2040","targetHints":{"allow":["GET"]}}],"collection":[{"href":"https:\/\/pasahoy.com.ar\/ph\/wp-json\/wp\/v2\/posts"}],"about":[{"href":"https:\/\/pasahoy.com.ar\/ph\/wp-json\/wp\/v2\/types\/post"}],"author":[{"embeddable":true,"href":"https:\/\/pasahoy.com.ar\/ph\/wp-json\/wp\/v2\/users\/3"}],"replies":[{"embeddable":true,"href":"https:\/\/pasahoy.com.ar\/ph\/wp-json\/wp\/v2\/comments?post=2040"}],"version-history":[{"count":1,"href":"https:\/\/pasahoy.com.ar\/ph\/wp-json\/wp\/v2\/posts\/2040\/revisions"}],"predecessor-version":[{"id":2042,"href":"https:\/\/pasahoy.com.ar\/ph\/wp-json\/wp\/v2\/posts\/2040\/revisions\/2042"}],"wp:featuredmedia":[{"embeddable":true,"href":"https:\/\/pasahoy.com.ar\/ph\/wp-json\/wp\/v2\/media\/2041"}],"wp:attachment":[{"href":"https:\/\/pasahoy.com.ar\/ph\/wp-json\/wp\/v2\/media?parent=2040"}],"wp:term":[{"taxonomy":"category","embeddable":true,"href":"https:\/\/pasahoy.com.ar\/ph\/wp-json\/wp\/v2\/categories?post=2040"},{"taxonomy":"post_tag","embeddable":true,"href":"https:\/\/pasahoy.com.ar\/ph\/wp-json\/wp\/v2\/tags?post=2040"}],"curies":[{"name":"wp","href":"https:\/\/api.w.org\/{rel}","templated":true}]}}