{"id":2037,"date":"2025-05-19T13:11:43","date_gmt":"2025-05-19T13:11:43","guid":{"rendered":"https:\/\/pasahoy.com.ar\/ph\/?p=2037"},"modified":"2025-05-19T13:11:56","modified_gmt":"2025-05-19T13:11:56","slug":"ausentismo-electoral-casi-uno-de-cada-dos-portenos-no-fue-a-votar","status":"publish","type":"post","link":"https:\/\/pasahoy.com.ar\/ph\/ausentismo-electoral-casi-uno-de-cada-dos-portenos-no-fue-a-votar\/","title":{"rendered":"Ausentismo electoral: casi uno de cada dos porte\u00f1os no fue a votar\u00a0"},"content":{"rendered":"\n<p>Si se comparan las comunas en las que ganaron Leandro Santoro y Manuel Adorni, el ausentismo fue mayor en las que se impuso el candidato de Es Ahora Buenos Aires.\u00a0\u00a0 <\/p>\n\n\n\n<p>El ausentismo fue una de las dos marcas de la elecci\u00f3n en CABA. La otra clave fue la debacle del PRO que le permiti\u00f3 a \u00faltima hora sumar a LLA los votos necesarios para imponerse por 54.000 votos. El 53 por ciento de participaci\u00f3n fue el nivel m\u00e1s bajo desde el regreso de la democracia, 23 puntos menos que en el balotaje de 2023 y, sobre todo, 12 puntos menos que en la elecci\u00f3n que m\u00e1s se le parec<strong>\u00a0A primera vista se percibe que el ausentismo fue mayor en las comunas que gan\u00f3 Leandro Santoro comparado con el ausentismo en las comunas\u00a0 que gan\u00f3 Manuel Adorni.<\/strong> <\/p>\n\n\n\n<p><br><br><\/p>\n\n\n\n<figure class=\"wp-block-gallery has-nested-images columns-default is-cropped wp-block-gallery-1 is-layout-flex wp-block-gallery-is-layout-flex\">\n<figure class=\"wp-block-image size-large\"><img loading=\"lazy\" decoding=\"async\" width=\"895\" height=\"541\" data-id=\"2038\" src=\"https:\/\/pasahoy.com.ar\/ph\/wp-content\/uploads\/2025\/05\/1000348858.png\" alt=\"\" class=\"wp-image-2038\" srcset=\"https:\/\/pasahoy.com.ar\/ph\/wp-content\/uploads\/2025\/05\/1000348858.png 895w, https:\/\/pasahoy.com.ar\/ph\/wp-content\/uploads\/2025\/05\/1000348858-300x181.png 300w, https:\/\/pasahoy.com.ar\/ph\/wp-content\/uploads\/2025\/05\/1000348858-768x464.png 768w\" sizes=\"auto, (max-width: 895px) 100vw, 895px\" \/><\/figure>\n<\/figure>\n","protected":false},"excerpt":{"rendered":"<p>Si se comparan las comunas en las que ganaron Leandro Santoro y Manuel Adorni, el ausentismo fue mayor en las que se impuso el candidato de Es Ahora Buenos Aires.\u00a0\u00a0 El ausentismo fue una de las dos marcas de la elecci\u00f3n en CABA. La otra clave fue la debacle del PRO que le permiti\u00f3 a [&hellip;]<\/p>\n","protected":false},"author":3,"featured_media":2038,"comment_status":"open","ping_status":"open","sticky":false,"template":"","format":"standard","meta":{"_jetpack_memberships_contains_paid_content":false,"footnotes":""},"categories":[2],"tags":[],"class_list":["post-2037","post","type-post","status-publish","format-standard","has-post-thumbnail","hentry","category-nacional"],"jetpack_featured_media_url":"https:\/\/pasahoy.com.ar\/ph\/wp-content\/uploads\/2025\/05\/1000348858.png","jetpack_sharing_enabled":true,"_links":{"self":[{"href":"https:\/\/pasahoy.com.ar\/ph\/wp-json\/wp\/v2\/posts\/2037","targetHints":{"allow":["GET"]}}],"collection":[{"href":"https:\/\/pasahoy.com.ar\/ph\/wp-json\/wp\/v2\/posts"}],"about":[{"href":"https:\/\/pasahoy.com.ar\/ph\/wp-json\/wp\/v2\/types\/post"}],"author":[{"embeddable":true,"href":"https:\/\/pasahoy.com.ar\/ph\/wp-json\/wp\/v2\/users\/3"}],"replies":[{"embeddable":true,"href":"https:\/\/pasahoy.com.ar\/ph\/wp-json\/wp\/v2\/comments?post=2037"}],"version-history":[{"count":1,"href":"https:\/\/pasahoy.com.ar\/ph\/wp-json\/wp\/v2\/posts\/2037\/revisions"}],"predecessor-version":[{"id":2039,"href":"https:\/\/pasahoy.com.ar\/ph\/wp-json\/wp\/v2\/posts\/2037\/revisions\/2039"}],"wp:featuredmedia":[{"embeddable":true,"href":"https:\/\/pasahoy.com.ar\/ph\/wp-json\/wp\/v2\/media\/2038"}],"wp:attachment":[{"href":"https:\/\/pasahoy.com.ar\/ph\/wp-json\/wp\/v2\/media?parent=2037"}],"wp:term":[{"taxonomy":"category","embeddable":true,"href":"https:\/\/pasahoy.com.ar\/ph\/wp-json\/wp\/v2\/categories?post=2037"},{"taxonomy":"post_tag","embeddable":true,"href":"https:\/\/pasahoy.com.ar\/ph\/wp-json\/wp\/v2\/tags?post=2037"}],"curies":[{"name":"wp","href":"https:\/\/api.w.org\/{rel}","templated":true}]}}