{"id":2034,"date":"2025-05-19T13:07:29","date_gmt":"2025-05-19T13:07:29","guid":{"rendered":"https:\/\/pasahoy.com.ar\/ph\/?p=2034"},"modified":"2025-05-19T13:07:41","modified_gmt":"2025-05-19T13:07:41","slug":"a-central-se-le-apago-la-luz-y-el-sueno-gigante-de-campeon","status":"publish","type":"post","link":"https:\/\/pasahoy.com.ar\/ph\/a-central-se-le-apago-la-luz-y-el-sueno-gigante-de-campeon\/","title":{"rendered":"A Central se le apag\u00f3 la luz y el sue\u00f1o gigante de campe\u00f3n"},"content":{"rendered":"\n<p>En el Gigante de Arroyito, en el que Central siempre festej\u00f3 en el torneo, el equipo de Holan cay\u00f3 1-0 contra Hurac\u00e1n y se despidi\u00f3 de sus sue\u00f1os de campe\u00f3n. <\/p>\n\n\n\n<p><br>Pablo Echavarr\u00eda levant\u00f3 su brazo, pit\u00f3 fuerte y se\u00f1al\u00f3 la mitad de la cancha. Era el minuto 51 del complemento. Y cuando eso sucedi\u00f3 de inmediato un cerrado aplauso baj\u00f3 de la popular de Regatas, de la de G\u00e9nova, de la platea del r\u00edo Paran\u00e1 y tambi\u00e9n de la de Cordiviola. Fue el reconocimiento que los hinchas le dieron en los primeros segundos del&nbsp;<strong><a href=\"https:\/\/www.lacapital.com.ar\/c10196729\" rel=\"noreferrer noopener\" target=\"_blank\">Central<\/a><\/strong>&nbsp;eliminado del torneo Apertura ante&nbsp;<strong>Hurac\u00e1n<\/strong>, luego de la primera derrota en el&nbsp;<strong>Gigante&nbsp;<\/strong>de la temporada.<\/p>\n\n\n\n<p><strong>Pero claro, ese reconocimiento qued\u00f3 r\u00e1pidamente para la an\u00e9cdota porque lo primero fue ese adi\u00f3s prematuro que doli\u00f3 hasta los huesos hoy en Arroyito<\/strong>, despu\u00e9s de una campa\u00f1a extraordinaria en la fase regular y que se extendi\u00f3 a la primera instancia eliminatoria. Fue el final de un campeonato que pintaba para m\u00e1s y que invitaba a creer.<\/p>\n\n\n\n<p>Quedar\u00e1n all\u00e1 lejos y a la distancia todas esas victorias, en su mayor\u00eda categ\u00f3ricas, que logr\u00f3 en este Gigante de Arroyito que lo vio perdedor por primera vez en el torneo.\u00a0<strong>Toda una paradoja.<\/strong> <\/p>\n\n\n\n<h2 class=\"wp-block-heading\"><strong>Las distracciones que se pagan caro<\/strong><\/h2>\n\n\n\n<p><strong>Pero, se sabe, cuando se juegan instancias de este tipo, en las que una desatenci\u00f3n tira todo por la borda, las luces deben estar encendidas el mayor tiempo posible y Central fue justamente un equipo con pocas luminarias<\/strong>, que busc\u00f3 con un f\u00fatbol a oscuras, a contramano de esas grandes luces del recibimiento, y lo pag\u00f3 con la eliminaci\u00f3n.<\/p>\n\n\n\n<p>El tiempo del an\u00e1lisis fino ya llegar\u00e1 y habr\u00e1 tiempo de sobra, aunque hay a simple vista algunos apuntes impostergables.&nbsp;<strong>Central hizo un torneo enorme, siempre protagonista, con un equipo que gan\u00f3 su grupo y tuvo la chance de definir todo en condici\u00f3n de local. Que adem\u00e1s es hoy el primer clasificado a la Copa Libertadores.<\/strong>&nbsp;Y todo eso lo hizo con un entrenador que r\u00e1pidamente impuso su sello.<\/p>\n\n\n\n<figure class=\"wp-block-gallery has-nested-images columns-default is-cropped wp-block-gallery-1 is-layout-flex wp-block-gallery-is-layout-flex\">\n<figure class=\"wp-block-image size-large\"><img loading=\"lazy\" decoding=\"async\" width=\"956\" height=\"524\" data-id=\"2035\" src=\"https:\/\/pasahoy.com.ar\/ph\/wp-content\/uploads\/2025\/05\/1000348809.png\" alt=\"\" class=\"wp-image-2035\" srcset=\"https:\/\/pasahoy.com.ar\/ph\/wp-content\/uploads\/2025\/05\/1000348809.png 956w, https:\/\/pasahoy.com.ar\/ph\/wp-content\/uploads\/2025\/05\/1000348809-300x164.png 300w, https:\/\/pasahoy.com.ar\/ph\/wp-content\/uploads\/2025\/05\/1000348809-768x421.png 768w\" sizes=\"auto, (max-width: 956px) 100vw, 956px\" \/><\/figure>\n<\/figure>\n","protected":false},"excerpt":{"rendered":"<p>En el Gigante de Arroyito, en el que Central siempre festej\u00f3 en el torneo, el equipo de Holan cay\u00f3 1-0 contra Hurac\u00e1n y se despidi\u00f3 de sus sue\u00f1os de campe\u00f3n. Pablo Echavarr\u00eda levant\u00f3 su brazo, pit\u00f3 fuerte y se\u00f1al\u00f3 la mitad de la cancha. Era el minuto 51 del complemento. Y cuando eso sucedi\u00f3 de [&hellip;]<\/p>\n","protected":false},"author":3,"featured_media":2035,"comment_status":"open","ping_status":"open","sticky":false,"template":"","format":"standard","meta":{"_jetpack_memberships_contains_paid_content":false,"footnotes":""},"categories":[4],"tags":[],"class_list":["post-2034","post","type-post","status-publish","format-standard","has-post-thumbnail","hentry","category-deporte"],"jetpack_featured_media_url":"https:\/\/pasahoy.com.ar\/ph\/wp-content\/uploads\/2025\/05\/1000348809.png","jetpack_sharing_enabled":true,"_links":{"self":[{"href":"https:\/\/pasahoy.com.ar\/ph\/wp-json\/wp\/v2\/posts\/2034","targetHints":{"allow":["GET"]}}],"collection":[{"href":"https:\/\/pasahoy.com.ar\/ph\/wp-json\/wp\/v2\/posts"}],"about":[{"href":"https:\/\/pasahoy.com.ar\/ph\/wp-json\/wp\/v2\/types\/post"}],"author":[{"embeddable":true,"href":"https:\/\/pasahoy.com.ar\/ph\/wp-json\/wp\/v2\/users\/3"}],"replies":[{"embeddable":true,"href":"https:\/\/pasahoy.com.ar\/ph\/wp-json\/wp\/v2\/comments?post=2034"}],"version-history":[{"count":1,"href":"https:\/\/pasahoy.com.ar\/ph\/wp-json\/wp\/v2\/posts\/2034\/revisions"}],"predecessor-version":[{"id":2036,"href":"https:\/\/pasahoy.com.ar\/ph\/wp-json\/wp\/v2\/posts\/2034\/revisions\/2036"}],"wp:featuredmedia":[{"embeddable":true,"href":"https:\/\/pasahoy.com.ar\/ph\/wp-json\/wp\/v2\/media\/2035"}],"wp:attachment":[{"href":"https:\/\/pasahoy.com.ar\/ph\/wp-json\/wp\/v2\/media?parent=2034"}],"wp:term":[{"taxonomy":"category","embeddable":true,"href":"https:\/\/pasahoy.com.ar\/ph\/wp-json\/wp\/v2\/categories?post=2034"},{"taxonomy":"post_tag","embeddable":true,"href":"https:\/\/pasahoy.com.ar\/ph\/wp-json\/wp\/v2\/tags?post=2034"}],"curies":[{"name":"wp","href":"https:\/\/api.w.org\/{rel}","templated":true}]}}