{"id":2031,"date":"2025-05-19T13:04:43","date_gmt":"2025-05-19T13:04:43","guid":{"rendered":"https:\/\/pasahoy.com.ar\/ph\/?p=2031"},"modified":"2025-05-19T13:04:54","modified_gmt":"2025-05-19T13:04:54","slug":"javier-milei-mauricio-macri-deberia-entender-que-su-momento-ya-paso","status":"publish","type":"post","link":"https:\/\/pasahoy.com.ar\/ph\/javier-milei-mauricio-macri-deberia-entender-que-su-momento-ya-paso\/","title":{"rendered":"Javier Milei: \u00abMauricio Macri deber\u00eda entender que su momento ya pas\u00f3\u00bb"},"content":{"rendered":"\n<p>Tras el triunfo en los comicios porte\u00f1os, el Presidente adelant\u00f3 que ahora va por una nueva conquista en suelo bonaerense. \u00abFue un resultado inapelable\u00bb, dijo sobre la victoria en la Ciudad. Duras cr\u00edticas al expresidente Mauricio Macri. <\/p>\n\n\n\n<p>Al d\u00eda despu\u00e9s de las\u00a0<strong><a href=\"https:\/\/www.ambito.com\/politica\/quienes-quedaron-afuera-la-legislatura-portena-n6146657\" target=\"_blank\" rel=\"noreferrer noopener\">elecciones en la Ciudad de Buenos Aires<\/a><\/strong>, el presidente Javier Milei dijo en una entrevista que es un \u00abresultado inapelable\u00bb la victoria de Manuel Adorni, al mismo tiempo que se mostr\u00f3 envalentonado sobre el futuro: \u00abVamos a dar otro batacazo en la provincia de Buenos Aires\u00bb, dijo este lunes. Tambi\u00e9n le dej\u00f3 un fuerte mensaje al expresidente Mauricio Macri: \u00abDeber\u00eda entender que su momento ya pas\u00f3\u00bb, expres\u00f3 el mandatario. <\/p>\n\n\n\n<p>El PRO y el kirchnerismo proponen lo mismo\u00bb, dijo el Presidente en declaraciones al canal A24. <\/p>\n\n\n\n<h2 class=\"wp-block-heading\">Javier Milei, contra Mauricio Macri: \u00abSu momento pas\u00f3\u00bb<\/h2>\n\n\n\n<p>\u00abMauricio Macri deber\u00eda entender que su momento ya pas\u00f3\u00bb, manifest\u00f3 respecto al l\u00edder del PRO.<\/p>\n\n\n\n<figure class=\"wp-block-gallery has-nested-images columns-default is-cropped wp-block-gallery-1 is-layout-flex wp-block-gallery-is-layout-flex\">\n<figure class=\"wp-block-image size-large\"><img loading=\"lazy\" decoding=\"async\" width=\"989\" height=\"568\" data-id=\"2032\" src=\"https:\/\/pasahoy.com.ar\/ph\/wp-content\/uploads\/2025\/05\/1000348808.png\" alt=\"\" class=\"wp-image-2032\" srcset=\"https:\/\/pasahoy.com.ar\/ph\/wp-content\/uploads\/2025\/05\/1000348808.png 989w, https:\/\/pasahoy.com.ar\/ph\/wp-content\/uploads\/2025\/05\/1000348808-300x172.png 300w, https:\/\/pasahoy.com.ar\/ph\/wp-content\/uploads\/2025\/05\/1000348808-768x441.png 768w\" sizes=\"auto, (max-width: 989px) 100vw, 989px\" \/><\/figure>\n<\/figure>\n","protected":false},"excerpt":{"rendered":"<p>Tras el triunfo en los comicios porte\u00f1os, el Presidente adelant\u00f3 que ahora va por una nueva conquista en suelo bonaerense. \u00abFue un resultado inapelable\u00bb, dijo sobre la victoria en la Ciudad. Duras cr\u00edticas al expresidente Mauricio Macri. Al d\u00eda despu\u00e9s de las\u00a0elecciones en la Ciudad de Buenos Aires, el presidente Javier Milei dijo en una [&hellip;]<\/p>\n","protected":false},"author":3,"featured_media":2032,"comment_status":"open","ping_status":"open","sticky":false,"template":"","format":"standard","meta":{"_jetpack_memberships_contains_paid_content":false,"footnotes":""},"categories":[2],"tags":[],"class_list":["post-2031","post","type-post","status-publish","format-standard","has-post-thumbnail","hentry","category-nacional"],"jetpack_featured_media_url":"https:\/\/pasahoy.com.ar\/ph\/wp-content\/uploads\/2025\/05\/1000348808.png","jetpack_sharing_enabled":true,"_links":{"self":[{"href":"https:\/\/pasahoy.com.ar\/ph\/wp-json\/wp\/v2\/posts\/2031","targetHints":{"allow":["GET"]}}],"collection":[{"href":"https:\/\/pasahoy.com.ar\/ph\/wp-json\/wp\/v2\/posts"}],"about":[{"href":"https:\/\/pasahoy.com.ar\/ph\/wp-json\/wp\/v2\/types\/post"}],"author":[{"embeddable":true,"href":"https:\/\/pasahoy.com.ar\/ph\/wp-json\/wp\/v2\/users\/3"}],"replies":[{"embeddable":true,"href":"https:\/\/pasahoy.com.ar\/ph\/wp-json\/wp\/v2\/comments?post=2031"}],"version-history":[{"count":1,"href":"https:\/\/pasahoy.com.ar\/ph\/wp-json\/wp\/v2\/posts\/2031\/revisions"}],"predecessor-version":[{"id":2033,"href":"https:\/\/pasahoy.com.ar\/ph\/wp-json\/wp\/v2\/posts\/2031\/revisions\/2033"}],"wp:featuredmedia":[{"embeddable":true,"href":"https:\/\/pasahoy.com.ar\/ph\/wp-json\/wp\/v2\/media\/2032"}],"wp:attachment":[{"href":"https:\/\/pasahoy.com.ar\/ph\/wp-json\/wp\/v2\/media?parent=2031"}],"wp:term":[{"taxonomy":"category","embeddable":true,"href":"https:\/\/pasahoy.com.ar\/ph\/wp-json\/wp\/v2\/categories?post=2031"},{"taxonomy":"post_tag","embeddable":true,"href":"https:\/\/pasahoy.com.ar\/ph\/wp-json\/wp\/v2\/tags?post=2031"}],"curies":[{"name":"wp","href":"https:\/\/api.w.org\/{rel}","templated":true}]}}