{"id":2028,"date":"2025-05-19T13:00:57","date_gmt":"2025-05-19T13:00:57","guid":{"rendered":"https:\/\/pasahoy.com.ar\/ph\/?p=2028"},"modified":"2025-05-19T13:01:37","modified_gmt":"2025-05-19T13:01:37","slug":"un-motociclista-sufrio-un-siniestro-y-debieron-amputarle-la-pierna","status":"publish","type":"post","link":"https:\/\/pasahoy.com.ar\/ph\/un-motociclista-sufrio-un-siniestro-y-debieron-amputarle-la-pierna\/","title":{"rendered":"UN MOTOCICLISTA SUFRI\u00d3 UN SINIESTRO Y DEBIERON AMPUTARLE LA PIERNA"},"content":{"rendered":"\n<p> El tr\u00e1gico episodio tuvo lugar en la ciudad de Aimogasta, departamento Arauco, sobre ruta nacional N\u00b0 60, a la altura de la plazoleta Nasif, donde una camioneta Chevrolet S-10 perteneciente a la Municipalidad se encontraba estacionada con conos de se\u00f1alizaci\u00f3n, mientras una cuadrilla realizaba tareas de mantenimiento.<\/p>\n\n\n\n<p>Por razones que a\u00fan son materia de investigaci\u00f3n, David \u00c1vila, de 34 a\u00f1os, a bordo de una motocicleta Honda Tornado XR 250 cc., no advirti\u00f3 la presencia de los conos y termin\u00f3 impactando de lleno contra la parte trasera del veh\u00edculo oficial. En el violento choque, tambi\u00e9n result\u00f3 alcanzado uno de los trabajadores presentes en el lugar, identificado como Alberto Gonz\u00e1lez.<\/p>\n\n\n\n<p>Ambos hombres sufrieron lesiones de consideraci\u00f3n. Gonz\u00e1lez fue diagnosticado con traumatismos en la zona de la cadera, mientras que \u00c1vila sufri\u00f3 una grave fractura expuesta en su pierna izquierda. Inmediatamente, dos ambulancias llegaron al lugar, a cargo de la doctora Mar\u00eda Elena D\u00edaz, quien coordin\u00f3 el traslado de los heridos al hospital zonal.<\/p>\n\n\n\n<p>Debido a la gravedad de su estado, \u00c1vila fue derivado al hospital \u201cDr. Enrique Vera Barros\u201d de la capital riojana, donde fue intervenido quir\u00fargicamente de urgencia. Lamentablemente, los esfuerzos m\u00e9dicos no fueron suficientes para salvar su pierna, que debi\u00f3 ser amputada. Durante la operaci\u00f3n, adem\u00e1s, sufri\u00f3 un paro cardiorrespiratorio y tuvo que ser reanimado.<br>.<br>.<br>.<br><\/p>\n\n\n\n<figure class=\"wp-block-gallery has-nested-images columns-default is-cropped wp-block-gallery-1 is-layout-flex wp-block-gallery-is-layout-flex\">\n<figure class=\"wp-block-image size-large\"><img loading=\"lazy\" decoding=\"async\" width=\"960\" height=\"757\" data-id=\"2029\" src=\"https:\/\/pasahoy.com.ar\/ph\/wp-content\/uploads\/2025\/05\/1000348804.jpg\" alt=\"\" class=\"wp-image-2029\" srcset=\"https:\/\/pasahoy.com.ar\/ph\/wp-content\/uploads\/2025\/05\/1000348804.jpg 960w, https:\/\/pasahoy.com.ar\/ph\/wp-content\/uploads\/2025\/05\/1000348804-300x237.jpg 300w, https:\/\/pasahoy.com.ar\/ph\/wp-content\/uploads\/2025\/05\/1000348804-768x606.jpg 768w\" sizes=\"auto, (max-width: 960px) 100vw, 960px\" \/><\/figure>\n<\/figure>\n","protected":false},"excerpt":{"rendered":"<p>El tr\u00e1gico episodio tuvo lugar en la ciudad de Aimogasta, departamento Arauco, sobre ruta nacional N\u00b0 60, a la altura de la plazoleta Nasif, donde una camioneta Chevrolet S-10 perteneciente a la Municipalidad se encontraba estacionada con conos de se\u00f1alizaci\u00f3n, mientras una cuadrilla realizaba tareas de mantenimiento. Por razones que a\u00fan son materia de investigaci\u00f3n, [&hellip;]<\/p>\n","protected":false},"author":3,"featured_media":2029,"comment_status":"open","ping_status":"open","sticky":false,"template":"","format":"standard","meta":{"_jetpack_memberships_contains_paid_content":false,"footnotes":""},"categories":[9],"tags":[],"class_list":["post-2028","post","type-post","status-publish","format-standard","has-post-thumbnail","hentry","category-policial"],"jetpack_featured_media_url":"https:\/\/pasahoy.com.ar\/ph\/wp-content\/uploads\/2025\/05\/1000348804.jpg","jetpack_sharing_enabled":true,"_links":{"self":[{"href":"https:\/\/pasahoy.com.ar\/ph\/wp-json\/wp\/v2\/posts\/2028","targetHints":{"allow":["GET"]}}],"collection":[{"href":"https:\/\/pasahoy.com.ar\/ph\/wp-json\/wp\/v2\/posts"}],"about":[{"href":"https:\/\/pasahoy.com.ar\/ph\/wp-json\/wp\/v2\/types\/post"}],"author":[{"embeddable":true,"href":"https:\/\/pasahoy.com.ar\/ph\/wp-json\/wp\/v2\/users\/3"}],"replies":[{"embeddable":true,"href":"https:\/\/pasahoy.com.ar\/ph\/wp-json\/wp\/v2\/comments?post=2028"}],"version-history":[{"count":1,"href":"https:\/\/pasahoy.com.ar\/ph\/wp-json\/wp\/v2\/posts\/2028\/revisions"}],"predecessor-version":[{"id":2030,"href":"https:\/\/pasahoy.com.ar\/ph\/wp-json\/wp\/v2\/posts\/2028\/revisions\/2030"}],"wp:featuredmedia":[{"embeddable":true,"href":"https:\/\/pasahoy.com.ar\/ph\/wp-json\/wp\/v2\/media\/2029"}],"wp:attachment":[{"href":"https:\/\/pasahoy.com.ar\/ph\/wp-json\/wp\/v2\/media?parent=2028"}],"wp:term":[{"taxonomy":"category","embeddable":true,"href":"https:\/\/pasahoy.com.ar\/ph\/wp-json\/wp\/v2\/categories?post=2028"},{"taxonomy":"post_tag","embeddable":true,"href":"https:\/\/pasahoy.com.ar\/ph\/wp-json\/wp\/v2\/tags?post=2028"}],"curies":[{"name":"wp","href":"https:\/\/api.w.org\/{rel}","templated":true}]}}