{"id":2018,"date":"2025-05-18T21:42:55","date_gmt":"2025-05-18T21:42:55","guid":{"rendered":"https:\/\/pasahoy.com.ar\/ph\/?p=2018"},"modified":"2025-05-18T21:43:06","modified_gmt":"2025-05-18T21:43:06","slug":"elecciones-en-la-ciudad-cerro-el-comicio-con-baja-participacion-y-se-esperan-los-primeros-resultados","status":"publish","type":"post","link":"https:\/\/pasahoy.com.ar\/ph\/elecciones-en-la-ciudad-cerro-el-comicio-con-baja-participacion-y-se-esperan-los-primeros-resultados\/","title":{"rendered":"Elecciones en la Ciudad: cerr\u00f3 el comicio con baja participaci\u00f3n y se esperan los primeros resultados"},"content":{"rendered":"\n<p>Los vecinos de CABA concurrieron este domingo a las urnas\u00a0<a href=\"https:\/\/www.ambito.com\/politica\/elecciones-caba-oferta-atomizada-el-pro-defiende-el-bastion-el-avance-del-peronismo-y-libertarios-n6145394\" target=\"_blank\" rel=\"noreferrer noopener\">para renovar 30 bancas de la Legislatura y 105 comuneros<\/a>. El oficialismo del PRO, con\u00a0<strong>Silvia Lospennato\u00a0<\/strong>a la cabeza, defender\u00e1 su casa matriz ante la avanzada del peronismo y de La Libertad Avanza, que amenazan con poner en jaque la hegemon\u00eda electoral amarilla a trav\u00e9s de las candidaturas de\u00a0<strong>Leandro Santoro y de Manuel Adorni<\/strong>. Se trata de la primera elecci\u00f3n de la Ciudad del a\u00f1o. <\/p>\n\n\n\n<p>Seg\u00fan el informe emitido por el\u00a0<strong>Instituto de Gesti\u00f3n Electoral<\/strong>,<strong>\u00a0la participaci\u00f3n fue del 56%<\/strong><\/p>\n\n\n\n<p><strong>.<\/strong><\/p>\n\n\n\n<figure class=\"wp-block-gallery has-nested-images columns-default is-cropped wp-block-gallery-1 is-layout-flex wp-block-gallery-is-layout-flex\">\n<figure class=\"wp-block-image size-large\"><img loading=\"lazy\" decoding=\"async\" width=\"975\" height=\"540\" data-id=\"2019\" src=\"https:\/\/pasahoy.com.ar\/ph\/wp-content\/uploads\/2025\/05\/1000347368.png\" alt=\"\" class=\"wp-image-2019\" srcset=\"https:\/\/pasahoy.com.ar\/ph\/wp-content\/uploads\/2025\/05\/1000347368.png 975w, https:\/\/pasahoy.com.ar\/ph\/wp-content\/uploads\/2025\/05\/1000347368-300x166.png 300w, https:\/\/pasahoy.com.ar\/ph\/wp-content\/uploads\/2025\/05\/1000347368-768x425.png 768w\" sizes=\"auto, (max-width: 975px) 100vw, 975px\" \/><\/figure>\n<\/figure>\n","protected":false},"excerpt":{"rendered":"<p>Los vecinos de CABA concurrieron este domingo a las urnas\u00a0para renovar 30 bancas de la Legislatura y 105 comuneros. El oficialismo del PRO, con\u00a0Silvia Lospennato\u00a0a la cabeza, defender\u00e1 su casa matriz ante la avanzada del peronismo y de La Libertad Avanza, que amenazan con poner en jaque la hegemon\u00eda electoral amarilla a trav\u00e9s de las [&hellip;]<\/p>\n","protected":false},"author":3,"featured_media":2019,"comment_status":"open","ping_status":"open","sticky":false,"template":"","format":"standard","meta":{"_jetpack_memberships_contains_paid_content":false,"footnotes":""},"categories":[2],"tags":[],"class_list":["post-2018","post","type-post","status-publish","format-standard","has-post-thumbnail","hentry","category-nacional"],"jetpack_featured_media_url":"https:\/\/pasahoy.com.ar\/ph\/wp-content\/uploads\/2025\/05\/1000347368.png","jetpack_sharing_enabled":true,"_links":{"self":[{"href":"https:\/\/pasahoy.com.ar\/ph\/wp-json\/wp\/v2\/posts\/2018","targetHints":{"allow":["GET"]}}],"collection":[{"href":"https:\/\/pasahoy.com.ar\/ph\/wp-json\/wp\/v2\/posts"}],"about":[{"href":"https:\/\/pasahoy.com.ar\/ph\/wp-json\/wp\/v2\/types\/post"}],"author":[{"embeddable":true,"href":"https:\/\/pasahoy.com.ar\/ph\/wp-json\/wp\/v2\/users\/3"}],"replies":[{"embeddable":true,"href":"https:\/\/pasahoy.com.ar\/ph\/wp-json\/wp\/v2\/comments?post=2018"}],"version-history":[{"count":1,"href":"https:\/\/pasahoy.com.ar\/ph\/wp-json\/wp\/v2\/posts\/2018\/revisions"}],"predecessor-version":[{"id":2020,"href":"https:\/\/pasahoy.com.ar\/ph\/wp-json\/wp\/v2\/posts\/2018\/revisions\/2020"}],"wp:featuredmedia":[{"embeddable":true,"href":"https:\/\/pasahoy.com.ar\/ph\/wp-json\/wp\/v2\/media\/2019"}],"wp:attachment":[{"href":"https:\/\/pasahoy.com.ar\/ph\/wp-json\/wp\/v2\/media?parent=2018"}],"wp:term":[{"taxonomy":"category","embeddable":true,"href":"https:\/\/pasahoy.com.ar\/ph\/wp-json\/wp\/v2\/categories?post=2018"},{"taxonomy":"post_tag","embeddable":true,"href":"https:\/\/pasahoy.com.ar\/ph\/wp-json\/wp\/v2\/tags?post=2018"}],"curies":[{"name":"wp","href":"https:\/\/api.w.org\/{rel}","templated":true}]}}