{"id":2011,"date":"2025-05-18T21:32:41","date_gmt":"2025-05-18T21:32:41","guid":{"rendered":"https:\/\/pasahoy.com.ar\/ph\/?p=2011"},"modified":"2025-05-18T21:32:53","modified_gmt":"2025-05-18T21:32:53","slug":"uno-de-los-detenidos-por-el-crimen-de-bayon-en-nonogasta-confeso-el-hecho-2","status":"publish","type":"post","link":"https:\/\/pasahoy.com.ar\/ph\/uno-de-los-detenidos-por-el-crimen-de-bayon-en-nonogasta-confeso-el-hecho-2\/","title":{"rendered":"UNO DE LOS DETENIDOS POR EL CRIMEN DE BAYON, EN NONOGASTA CONFES\u00d3 EL HECHO"},"content":{"rendered":"\n<p>Este viernes en horas de la tarde, se realizaron las audiencias indagatorias. Ante ello, L\u00f3pez y Zeballos fueron interrogados en calidad de coautores, mientras que la \u00fanica mujer detenida hasta el momento, de apellido Tejedor fue indagada en calidad de part\u00edcipe necesaria. S\u00f3lo uno de los acusados, identificado como Elian L\u00f3pez, declar\u00f3 ante el juez.<\/p>\n\n\n\n<figure class=\"wp-block-gallery has-nested-images columns-default is-cropped wp-block-gallery-1 is-layout-flex wp-block-gallery-is-layout-flex\">\n<figure class=\"wp-block-image size-large\"><img loading=\"lazy\" decoding=\"async\" width=\"552\" height=\"516\" data-id=\"2012\" src=\"https:\/\/pasahoy.com.ar\/ph\/wp-content\/uploads\/2025\/05\/1000346167-1.jpg\" alt=\"\" class=\"wp-image-2012\" srcset=\"https:\/\/pasahoy.com.ar\/ph\/wp-content\/uploads\/2025\/05\/1000346167-1.jpg 552w, https:\/\/pasahoy.com.ar\/ph\/wp-content\/uploads\/2025\/05\/1000346167-1-300x280.jpg 300w\" sizes=\"auto, (max-width: 552px) 100vw, 552px\" \/><\/figure>\n<\/figure>\n\n\n\n<p>L\u00f3pez dijo ser el autor del homicidio y deslig\u00f3 de responsabilidades a los otros dos j\u00f3venes detenidos quienes se abstuvieron de declarar.<\/p>\n\n\n\n<p>El Juzgado de Instrucci\u00f3n Criminal y Correccional N\u00b01 de la Segunda Circunscripci\u00f3n Judicial con asiento en Chilecito, a cargo del juez Marcelo Carrizo, trabaja en esclarecer la causa caratulada como homicidio agravado por m\u00faltiples factores, al crimen ocurrido el 4 de mayo en Nonogasta.<\/p>\n\n\n\n<p>Las actuaciones son llevadas adelante en conjunto con la Divisi\u00f3n de Homicidios y la Polic\u00eda T\u00e9cnica Judicial, con el objetivo de esclarecer las circunstancias del hecho y determinar responsabilidades.<\/p>\n\n\n\n<p>Seg\u00fan las primeras l\u00edneas investigativas, tres personas habr\u00edan estado involucradas en el crimen: dos hombres y una mujer. El Ministerio P\u00fablico Fiscal, a trav\u00e9s del agente fiscal interviniente, Dr. Diego Torres, emiti\u00f3 su dictamen respecto a la calificaci\u00f3n jur\u00eddica del hecho, se\u00f1alando que corresponde imputar a los involucrados el delito de homicidio agravado por ensa\u00f1amiento, alevos\u00eda, por el concurso premeditado de dos o m\u00e1s personas y por haberse cometido con fines de robo, conforme lo previsto en el art\u00edculo 80, incisos 2, 6 y 7 del C\u00f3digo Penal Argentino.<\/p>\n","protected":false},"excerpt":{"rendered":"<p>Este viernes en horas de la tarde, se realizaron las audiencias indagatorias. Ante ello, L\u00f3pez y Zeballos fueron interrogados en calidad de coautores, mientras que la \u00fanica mujer detenida hasta el momento, de apellido Tejedor fue indagada en calidad de part\u00edcipe necesaria. S\u00f3lo uno de los acusados, identificado como Elian L\u00f3pez, declar\u00f3 ante el juez. [&hellip;]<\/p>\n","protected":false},"author":3,"featured_media":2012,"comment_status":"open","ping_status":"open","sticky":false,"template":"","format":"standard","meta":{"_jetpack_memberships_contains_paid_content":false,"footnotes":""},"categories":[12],"tags":[],"class_list":["post-2011","post","type-post","status-publish","format-standard","has-post-thumbnail","hentry","category-judicial"],"jetpack_featured_media_url":"https:\/\/pasahoy.com.ar\/ph\/wp-content\/uploads\/2025\/05\/1000346167-1.jpg","jetpack_sharing_enabled":true,"_links":{"self":[{"href":"https:\/\/pasahoy.com.ar\/ph\/wp-json\/wp\/v2\/posts\/2011","targetHints":{"allow":["GET"]}}],"collection":[{"href":"https:\/\/pasahoy.com.ar\/ph\/wp-json\/wp\/v2\/posts"}],"about":[{"href":"https:\/\/pasahoy.com.ar\/ph\/wp-json\/wp\/v2\/types\/post"}],"author":[{"embeddable":true,"href":"https:\/\/pasahoy.com.ar\/ph\/wp-json\/wp\/v2\/users\/3"}],"replies":[{"embeddable":true,"href":"https:\/\/pasahoy.com.ar\/ph\/wp-json\/wp\/v2\/comments?post=2011"}],"version-history":[{"count":1,"href":"https:\/\/pasahoy.com.ar\/ph\/wp-json\/wp\/v2\/posts\/2011\/revisions"}],"predecessor-version":[{"id":2013,"href":"https:\/\/pasahoy.com.ar\/ph\/wp-json\/wp\/v2\/posts\/2011\/revisions\/2013"}],"wp:featuredmedia":[{"embeddable":true,"href":"https:\/\/pasahoy.com.ar\/ph\/wp-json\/wp\/v2\/media\/2012"}],"wp:attachment":[{"href":"https:\/\/pasahoy.com.ar\/ph\/wp-json\/wp\/v2\/media?parent=2011"}],"wp:term":[{"taxonomy":"category","embeddable":true,"href":"https:\/\/pasahoy.com.ar\/ph\/wp-json\/wp\/v2\/categories?post=2011"},{"taxonomy":"post_tag","embeddable":true,"href":"https:\/\/pasahoy.com.ar\/ph\/wp-json\/wp\/v2\/tags?post=2011"}],"curies":[{"name":"wp","href":"https:\/\/api.w.org\/{rel}","templated":true}]}}