{"id":2008,"date":"2025-05-18T21:29:21","date_gmt":"2025-05-18T21:29:21","guid":{"rendered":"https:\/\/pasahoy.com.ar\/ph\/?p=2008"},"modified":"2025-05-18T21:29:37","modified_gmt":"2025-05-18T21:29:37","slug":"joven-herido-con-arma-blanca","status":"publish","type":"post","link":"https:\/\/pasahoy.com.ar\/ph\/joven-herido-con-arma-blanca\/","title":{"rendered":"Joven herido con arma blanca"},"content":{"rendered":"\n<p>Personal del hospital de Nonogasta inform\u00f3 a la Polic\u00eda que este domingo a las 8 de la ma\u00f1ana ingres\u00f3 un joven herido con arma blanca. El hecho fue notificado a la Comisar\u00eda de Distrito, que actu\u00f3 de inmediato.<\/p>\n\n\n\n<p>La v\u00edctima fue identificada como Gast\u00f3n Lobos, de 25 a\u00f1os. Present\u00f3 cinco heridas punzocortantes en el lado izquierdo del pecho, aunque ninguna de gravedad.<\/p>\n\n\n\n<p>Lobos estaba en estado de ebriedad y qued\u00f3 internado para observaci\u00f3n. Por su condici\u00f3n, no pudo aportar datos sobre qui\u00e9n lo agredi\u00f3 ni d\u00f3nde ocurri\u00f3 el ataque.<\/p>\n\n\n\n<figure class=\"wp-block-gallery has-nested-images columns-default is-cropped wp-block-gallery-1 is-layout-flex wp-block-gallery-is-layout-flex\">\n<figure class=\"wp-block-image size-large\"><img loading=\"lazy\" decoding=\"async\" width=\"1024\" height=\"742\" data-id=\"2009\" src=\"https:\/\/pasahoy.com.ar\/ph\/wp-content\/uploads\/2025\/05\/1000346842-1024x742.png\" alt=\"\" class=\"wp-image-2009\" srcset=\"https:\/\/pasahoy.com.ar\/ph\/wp-content\/uploads\/2025\/05\/1000346842-1024x742.png 1024w, https:\/\/pasahoy.com.ar\/ph\/wp-content\/uploads\/2025\/05\/1000346842-300x218.png 300w, https:\/\/pasahoy.com.ar\/ph\/wp-content\/uploads\/2025\/05\/1000346842-768x557.png 768w, https:\/\/pasahoy.com.ar\/ph\/wp-content\/uploads\/2025\/05\/1000346842.png 1080w\" sizes=\"auto, (max-width: 1024px) 100vw, 1024px\" \/><\/figure>\n<\/figure>\n","protected":false},"excerpt":{"rendered":"<p>Personal del hospital de Nonogasta inform\u00f3 a la Polic\u00eda que este domingo a las 8 de la ma\u00f1ana ingres\u00f3 un joven herido con arma blanca. El hecho fue notificado a la Comisar\u00eda de Distrito, que actu\u00f3 de inmediato. La v\u00edctima fue identificada como Gast\u00f3n Lobos, de 25 a\u00f1os. Present\u00f3 cinco heridas punzocortantes en el lado [&hellip;]<\/p>\n","protected":false},"author":3,"featured_media":2009,"comment_status":"open","ping_status":"open","sticky":false,"template":"","format":"standard","meta":{"_jetpack_memberships_contains_paid_content":false,"footnotes":""},"categories":[9],"tags":[],"class_list":["post-2008","post","type-post","status-publish","format-standard","has-post-thumbnail","hentry","category-policial"],"jetpack_featured_media_url":"https:\/\/pasahoy.com.ar\/ph\/wp-content\/uploads\/2025\/05\/1000346842.png","jetpack_sharing_enabled":true,"_links":{"self":[{"href":"https:\/\/pasahoy.com.ar\/ph\/wp-json\/wp\/v2\/posts\/2008","targetHints":{"allow":["GET"]}}],"collection":[{"href":"https:\/\/pasahoy.com.ar\/ph\/wp-json\/wp\/v2\/posts"}],"about":[{"href":"https:\/\/pasahoy.com.ar\/ph\/wp-json\/wp\/v2\/types\/post"}],"author":[{"embeddable":true,"href":"https:\/\/pasahoy.com.ar\/ph\/wp-json\/wp\/v2\/users\/3"}],"replies":[{"embeddable":true,"href":"https:\/\/pasahoy.com.ar\/ph\/wp-json\/wp\/v2\/comments?post=2008"}],"version-history":[{"count":1,"href":"https:\/\/pasahoy.com.ar\/ph\/wp-json\/wp\/v2\/posts\/2008\/revisions"}],"predecessor-version":[{"id":2010,"href":"https:\/\/pasahoy.com.ar\/ph\/wp-json\/wp\/v2\/posts\/2008\/revisions\/2010"}],"wp:featuredmedia":[{"embeddable":true,"href":"https:\/\/pasahoy.com.ar\/ph\/wp-json\/wp\/v2\/media\/2009"}],"wp:attachment":[{"href":"https:\/\/pasahoy.com.ar\/ph\/wp-json\/wp\/v2\/media?parent=2008"}],"wp:term":[{"taxonomy":"category","embeddable":true,"href":"https:\/\/pasahoy.com.ar\/ph\/wp-json\/wp\/v2\/categories?post=2008"},{"taxonomy":"post_tag","embeddable":true,"href":"https:\/\/pasahoy.com.ar\/ph\/wp-json\/wp\/v2\/tags?post=2008"}],"curies":[{"name":"wp","href":"https:\/\/api.w.org\/{rel}","templated":true}]}}