{"id":2002,"date":"2025-05-18T21:17:35","date_gmt":"2025-05-18T21:17:35","guid":{"rendered":"https:\/\/pasahoy.com.ar\/ph\/?p=2002"},"modified":"2025-05-18T21:17:48","modified_gmt":"2025-05-18T21:17:48","slug":"tras-fallo-de-la-corte-suprema-ordenan-la-inmediata-detencion-de-un-exjugador-de-boca","status":"publish","type":"post","link":"https:\/\/pasahoy.com.ar\/ph\/tras-fallo-de-la-corte-suprema-ordenan-la-inmediata-detencion-de-un-exjugador-de-boca\/","title":{"rendered":"Tras fallo de la Corte Suprema, ordenan la inmediata detenci\u00f3n de un exjugador de Boca"},"content":{"rendered":"\n<p>Luego de que el m\u00e1ximo tribunal dejara firme la condena a prisi\u00f3n, las autoridades proceder\u00e1n a aprehender de inmediato a Nahuel Z\u00e1rate. <\/p>\n\n\n\n<p>Un tribunal oral orden\u00f3 la&nbsp;<strong>captura e inmediata detenci\u00f3n del futbolista Nahuel Z\u00e1rate<\/strong>, tras el fallo de&nbsp;<a href=\"https:\/\/www.minutouno.com\/deportes\/confirman-condena-exjugador-boca-estara-cinco-anos-prision-n6145689\" rel=\"noreferrer noopener\" target=\"_blank\">la Corte Suprema que ayer dej\u00f3 firme la condena a prisi\u00f3n por homicidio culposo por un accidente de tr\u00e1nsito en el que fallecieron dos personas<\/a>.<\/p>\n\n\n\n<p>El Tribunal Oral en lo Criminal N\u00b030 dispuso dar cumplimiento a la sentencia y por ende el alojamiento del futbolista en una unidad penitenciaria para cumplir la pena impuesta. En tanto, la Corte Suprema de Justicia dej\u00f3 ayer firme la condena a cinco a\u00f1os de prisi\u00f3n del exdefensor de Boca y actualmente integrante del club Deportivo Mor\u00f3n. <\/p>\n\n\n\n<p>La condena es por&nbsp;<strong>doble \u201chomicidio culposo\u201d<\/strong>, como consecuencia del accidente de tr\u00e1nsito que protagoniz\u00f3 en septiembre de 2018 y que caus\u00f3 la muerte de dos personas.<\/p>\n\n\n\n<p>El m\u00e1ximo tribunal, con la firma de los jueces Horacio Rosatti, Carlos Rosenkrantz y Ricardo Lorenzetti, desestim\u00f3 el recurso de la defensa de Z\u00e1rate, porque su presentaci\u00f3n no cumpl\u00eda con los requisitos establecidos en la acordada que especifica el formato de recursos ante la Corte Suprema.<\/p>\n\n\n\n<p>Con esta decisi\u00f3n, la condena queda firme. Z\u00e1rate hab\u00eda estado preso unos d\u00edas durante el inicio de la causa, pero fue excarcelado a la espera del proceso y la revisi\u00f3n de sus apelaciones. El ex jugador de Boca Juniors fue&nbsp;<strong>acusado de haber causado muerte a Norberto Rodolfo Brienza y N\u00e9stor Francisco Mormandi a ra\u00edz de la conducci\u00f3n imprudente de su rodado, particularmente agravada<\/strong>.<\/p>\n\n\n\n<h2 class=\"wp-block-heading\">El hecho<\/h2>\n\n\n\n<p>El 9 de septiembre de 2018, cerca de las 8:00, Z\u00e1rate conduc\u00eda su Volkswagen Scirocco por la Avenida General Paz en sentido R\u00edo de la Plata: iba a m\u00e1s de 130 kil\u00f3metros por hora y con un gramo de alcohol en sangre, seg\u00fan detectaron luego las pericias.<\/p>\n\n\n\n<p>El auto choc\u00f3 de atr\u00e1s al taxi en el que iban dos amigos: el conductor Norberto Brienza, de 55 a\u00f1os, y su acompa\u00f1ante N\u00e9stor Francisco Mormandi, de 54. Ambos murieron en el acto.<\/p>\n\n\n\n<p>El futbolista fue internado en el hospital Santojanni y luego qued\u00f3 preso. El joven se neg\u00f3 al test de alcoholemia en el lugar. Despu\u00e9s de estar 16 d\u00edas en prisi\u00f3n preventiva en el penal de Ezeiza, fue excarcelado porque su defensa, a cargo del abogado Francisco Oneto, plante\u00f3 que noexist\u00eda riesgo de fuga ni de entorpecimiento de la causa.<\/p>\n\n\n\n<p>El 30 de agosto del 2021, el Tribunal Oral en lo Criminal y Correccional 30 conden\u00f3 a Z\u00e1rate a la pena de cinco a\u00f1os de prisi\u00f3n e inhabilitaci\u00f3n especial para conducir veh\u00edculos por el plazo de diez a\u00f1os, por considerar a Z\u00e1rate autor del delito de homicidio culposo agravado.<\/p>\n\n\n\n<p>El fallo ponder\u00f3 distintos agravantes. Las c\u00e1maras que se analizaron en el debate oral registraron el momento fat\u00eddico y dieron cuenta por medio de peritajes que el jugador lleg\u00f3 a alcanzar con su auto una velocidad m\u00e1xima de 191 kil\u00f3metros por hora. La acusaci\u00f3n indic\u00f3 que el conductor no solo estaba alcoholizado sino que ven\u00eda hablando por su celular con amigos.<\/p>\n\n\n\n<p>La defensa cuestion\u00f3 la condena y apel\u00f3. La querella tambi\u00e9n reclam\u00f3 una sanci\u00f3n m\u00e1s grave por doble homicidio por \u201cdolo eventual\u201d, cuyas penas se elevan de 8 a 25 a\u00f1os de prisi\u00f3n. En abril del 2023 la Sala I de la C\u00e1mara Nacional de Casaci\u00f3n Penal rechaz\u00f3 el recurso y confirm\u00f3 la sentencia a cinco a\u00f1os.<\/p>\n\n\n\n<p>\u201cEl accionar del futbolista ha importado una grav\u00edsima imprudencia, pero la acusadora privada no ha logrado demostrar que su voluntad realizadora haya incorporado la intenci\u00f3n de colisionar con el veh\u00edculo conducido por Brienza y tampoco ella puede deducirse de la conducta que exterioriz\u00f3\u201d, se sostuvo.<\/p>\n\n\n\n<p>La defensa plante\u00f3 un recurso extraordinario y lleg\u00f3 en queja a la Corte Suprema de Justicia. El caso ni siquiera fue analizado por incumplimiento de los lineamientos de la acordada 7\/2007 y la condena qued\u00f3 firme.<\/p>\n\n\n\n<figure class=\"wp-block-gallery has-nested-images columns-default is-cropped wp-block-gallery-1 is-layout-flex wp-block-gallery-is-layout-flex\">\n<figure class=\"wp-block-image size-large\"><img loading=\"lazy\" decoding=\"async\" width=\"925\" height=\"535\" data-id=\"2003\" src=\"https:\/\/pasahoy.com.ar\/ph\/wp-content\/uploads\/2025\/05\/1000347344.png\" alt=\"\" class=\"wp-image-2003\" srcset=\"https:\/\/pasahoy.com.ar\/ph\/wp-content\/uploads\/2025\/05\/1000347344.png 925w, https:\/\/pasahoy.com.ar\/ph\/wp-content\/uploads\/2025\/05\/1000347344-300x174.png 300w, https:\/\/pasahoy.com.ar\/ph\/wp-content\/uploads\/2025\/05\/1000347344-768x444.png 768w\" sizes=\"auto, (max-width: 925px) 100vw, 925px\" \/><\/figure>\n<\/figure>\n","protected":false},"excerpt":{"rendered":"<p>Luego de que el m\u00e1ximo tribunal dejara firme la condena a prisi\u00f3n, las autoridades proceder\u00e1n a aprehender de inmediato a Nahuel Z\u00e1rate. Un tribunal oral orden\u00f3 la&nbsp;captura e inmediata detenci\u00f3n del futbolista Nahuel Z\u00e1rate, tras el fallo de&nbsp;la Corte Suprema que ayer dej\u00f3 firme la condena a prisi\u00f3n por homicidio culposo por un accidente de [&hellip;]<\/p>\n","protected":false},"author":3,"featured_media":2003,"comment_status":"open","ping_status":"open","sticky":false,"template":"","format":"standard","meta":{"_jetpack_memberships_contains_paid_content":false,"footnotes":""},"categories":[12],"tags":[],"class_list":["post-2002","post","type-post","status-publish","format-standard","has-post-thumbnail","hentry","category-judicial"],"jetpack_featured_media_url":"https:\/\/pasahoy.com.ar\/ph\/wp-content\/uploads\/2025\/05\/1000347344.png","jetpack_sharing_enabled":true,"_links":{"self":[{"href":"https:\/\/pasahoy.com.ar\/ph\/wp-json\/wp\/v2\/posts\/2002","targetHints":{"allow":["GET"]}}],"collection":[{"href":"https:\/\/pasahoy.com.ar\/ph\/wp-json\/wp\/v2\/posts"}],"about":[{"href":"https:\/\/pasahoy.com.ar\/ph\/wp-json\/wp\/v2\/types\/post"}],"author":[{"embeddable":true,"href":"https:\/\/pasahoy.com.ar\/ph\/wp-json\/wp\/v2\/users\/3"}],"replies":[{"embeddable":true,"href":"https:\/\/pasahoy.com.ar\/ph\/wp-json\/wp\/v2\/comments?post=2002"}],"version-history":[{"count":1,"href":"https:\/\/pasahoy.com.ar\/ph\/wp-json\/wp\/v2\/posts\/2002\/revisions"}],"predecessor-version":[{"id":2004,"href":"https:\/\/pasahoy.com.ar\/ph\/wp-json\/wp\/v2\/posts\/2002\/revisions\/2004"}],"wp:featuredmedia":[{"embeddable":true,"href":"https:\/\/pasahoy.com.ar\/ph\/wp-json\/wp\/v2\/media\/2003"}],"wp:attachment":[{"href":"https:\/\/pasahoy.com.ar\/ph\/wp-json\/wp\/v2\/media?parent=2002"}],"wp:term":[{"taxonomy":"category","embeddable":true,"href":"https:\/\/pasahoy.com.ar\/ph\/wp-json\/wp\/v2\/categories?post=2002"},{"taxonomy":"post_tag","embeddable":true,"href":"https:\/\/pasahoy.com.ar\/ph\/wp-json\/wp\/v2\/tags?post=2002"}],"curies":[{"name":"wp","href":"https:\/\/api.w.org\/{rel}","templated":true}]}}