{"id":1999,"date":"2025-05-18T21:13:59","date_gmt":"2025-05-18T21:13:59","guid":{"rendered":"https:\/\/pasahoy.com.ar\/ph\/?p=1999"},"modified":"2025-05-18T21:14:09","modified_gmt":"2025-05-18T21:14:09","slug":"leon-xiv-comenzo-su-papado-con-un-llamado-a-comprometerse-con-los-excluidos","status":"publish","type":"post","link":"https:\/\/pasahoy.com.ar\/ph\/leon-xiv-comenzo-su-papado-con-un-llamado-a-comprometerse-con-los-excluidos\/","title":{"rendered":"Le\u00f3n XIV comenz\u00f3 su papado con un llamado a comprometerse con los excluidos"},"content":{"rendered":"\n<p><strong>Le\u00f3n XIV inaugur\u00f3 formalmente este domingo su pontificado<\/strong>&nbsp;con una fuerte cr\u00edtica a los abusos del capitalismo durante la misa en la Plaza de San Pedro, donde&nbsp;<strong>llam\u00f3 a una Iglesia \u00abunida\u00bb y comprometida con los excluidos del mundo<\/strong>. Ante m\u00e1s de 200.000 personas y 150 delegaciones internacionales, el nuevo Papa \u2014nacido en Chicago y naturalizado peruano\u2014 denunci\u00f3 que a\u00fan hoy persisten \u00abdemasiadas heridas causadas por el odio, la violencia, el miedo a la diferencia y un paradigma econ\u00f3mico que explota los recursos de la tierra y margina a los m\u00e1s pobres\u00bb.<\/p>\n\n\n\n<p>Le\u00f3n XIV, de 69 a\u00f1os, vivi\u00f3 m\u00e1s de dos d\u00e9cadas como misionero y obispo en Chiclayo, Per\u00fa, donde desarroll\u00f3 una intensa labor pastoral en comunidades vulnerables. Eligi\u00f3 su nombre en homenaje a Le\u00f3n XIII, el papa que en el siglo XIX sent\u00f3 las bases de la doctrina social de la Iglesia. <\/p>\n\n\n\n<p>Durante la misa&nbsp;<strong>recibi\u00f3 los s\u00edmbolos tradicionales del pontificado<\/strong>: el palio, estola de lana que representa al Buen Pastor y el anillo del Pescador, emblema del sucesor de Pedro.<\/p>\n\n\n\n<p>Visiblemente emocionado, gir\u00f3 su mano para contemplar el anillo y junt\u00f3 las manos en oraci\u00f3n. Luego salud\u00f3 a la multitud con una sonrisa desde el papam\u00f3vil, mientras miles de fieles agitaban banderas y registraban el momento con sus celulares.<\/p>\n\n\n\n<h2 class=\"wp-block-heading\">Una misa con mensaje pol\u00edtico y social<\/h2>\n\n\n\n<p>En su homil\u00eda, Le\u00f3n XIV evit\u00f3 referencias abstractas y&nbsp;<strong>centr\u00f3 su mensaje en la urgencia de una Iglesia caritativa, sin propaganda ni poder, y orientada al servicio, la unidad y la justicia social<\/strong>. \u00abLa caridad no atrapa a los dem\u00e1s con sometimiento ni con medios del poder\u00bb, advirti\u00f3 el pont\u00edfice. Tambi\u00e9n destac\u00f3 la necesidad de una Iglesia que no imponga, sino que camine junto a las personas y sea fermento de reconciliaci\u00f3n en un mundo herido.<\/p>\n\n\n\n<figure class=\"wp-block-gallery has-nested-images columns-default is-cropped wp-block-gallery-1 is-layout-flex wp-block-gallery-is-layout-flex\">\n<figure class=\"wp-block-image size-large\"><img loading=\"lazy\" decoding=\"async\" width=\"949\" height=\"540\" data-id=\"2000\" src=\"https:\/\/pasahoy.com.ar\/ph\/wp-content\/uploads\/2025\/05\/1000347343.png\" alt=\"\" class=\"wp-image-2000\" srcset=\"https:\/\/pasahoy.com.ar\/ph\/wp-content\/uploads\/2025\/05\/1000347343.png 949w, https:\/\/pasahoy.com.ar\/ph\/wp-content\/uploads\/2025\/05\/1000347343-300x171.png 300w, https:\/\/pasahoy.com.ar\/ph\/wp-content\/uploads\/2025\/05\/1000347343-768x437.png 768w\" sizes=\"auto, (max-width: 949px) 100vw, 949px\" \/><\/figure>\n<\/figure>\n","protected":false},"excerpt":{"rendered":"<p>Le\u00f3n XIV inaugur\u00f3 formalmente este domingo su pontificado&nbsp;con una fuerte cr\u00edtica a los abusos del capitalismo durante la misa en la Plaza de San Pedro, donde&nbsp;llam\u00f3 a una Iglesia \u00abunida\u00bb y comprometida con los excluidos del mundo. Ante m\u00e1s de 200.000 personas y 150 delegaciones internacionales, el nuevo Papa \u2014nacido en Chicago y naturalizado peruano\u2014 [&hellip;]<\/p>\n","protected":false},"author":3,"featured_media":2000,"comment_status":"open","ping_status":"open","sticky":false,"template":"","format":"standard","meta":{"_jetpack_memberships_contains_paid_content":false,"footnotes":""},"categories":[3],"tags":[],"class_list":["post-1999","post","type-post","status-publish","format-standard","has-post-thumbnail","hentry","category-internacional"],"jetpack_featured_media_url":"https:\/\/pasahoy.com.ar\/ph\/wp-content\/uploads\/2025\/05\/1000347343.png","jetpack_sharing_enabled":true,"_links":{"self":[{"href":"https:\/\/pasahoy.com.ar\/ph\/wp-json\/wp\/v2\/posts\/1999","targetHints":{"allow":["GET"]}}],"collection":[{"href":"https:\/\/pasahoy.com.ar\/ph\/wp-json\/wp\/v2\/posts"}],"about":[{"href":"https:\/\/pasahoy.com.ar\/ph\/wp-json\/wp\/v2\/types\/post"}],"author":[{"embeddable":true,"href":"https:\/\/pasahoy.com.ar\/ph\/wp-json\/wp\/v2\/users\/3"}],"replies":[{"embeddable":true,"href":"https:\/\/pasahoy.com.ar\/ph\/wp-json\/wp\/v2\/comments?post=1999"}],"version-history":[{"count":1,"href":"https:\/\/pasahoy.com.ar\/ph\/wp-json\/wp\/v2\/posts\/1999\/revisions"}],"predecessor-version":[{"id":2001,"href":"https:\/\/pasahoy.com.ar\/ph\/wp-json\/wp\/v2\/posts\/1999\/revisions\/2001"}],"wp:featuredmedia":[{"embeddable":true,"href":"https:\/\/pasahoy.com.ar\/ph\/wp-json\/wp\/v2\/media\/2000"}],"wp:attachment":[{"href":"https:\/\/pasahoy.com.ar\/ph\/wp-json\/wp\/v2\/media?parent=1999"}],"wp:term":[{"taxonomy":"category","embeddable":true,"href":"https:\/\/pasahoy.com.ar\/ph\/wp-json\/wp\/v2\/categories?post=1999"},{"taxonomy":"post_tag","embeddable":true,"href":"https:\/\/pasahoy.com.ar\/ph\/wp-json\/wp\/v2\/tags?post=1999"}],"curies":[{"name":"wp","href":"https:\/\/api.w.org\/{rel}","templated":true}]}}