{"id":1992,"date":"2025-05-18T21:06:35","date_gmt":"2025-05-18T21:06:35","guid":{"rendered":"https:\/\/pasahoy.com.ar\/ph\/?p=1992"},"modified":"2025-05-18T21:06:45","modified_gmt":"2025-05-18T21:06:45","slug":"formula-1-franco-colapinto-termino-en-el-puesto-16-del-gran-premio-de-imola","status":"publish","type":"post","link":"https:\/\/pasahoy.com.ar\/ph\/formula-1-franco-colapinto-termino-en-el-puesto-16-del-gran-premio-de-imola\/","title":{"rendered":"F\u00f3rmula 1: Franco Colapinto termin\u00f3 en el puesto 16 del Gran Premio de Imola"},"content":{"rendered":"\n<p>El piloto argentino\u00a0regres\u00f3 este domingo a la m\u00e1xima categor\u00eda del automovilismo\u00a0y\u00a0 pudo completar la prueba en el circuito de\u00a0Emilia-Romagna. \u00abEra el objetivo, es un d\u00eda positivo\u00bb, expres\u00f3.\u00a0Gan\u00f3 el circuito, el cu\u00e1druple campe\u00f3n\u00a0Max Verstappen\u00a0\u00a0<\/p>\n\n\n\n<p>El piloto argentino&nbsp;<strong>Franco Colapinto regres\u00f3 este domingo a la m\u00e1xima categor\u00eda del automovilismo<\/strong>,&nbsp; pudo completar la prueba en el circuito de Imola&nbsp;y termin\u00f3 en el puesto 16.&nbsp;<\/p>\n\n\n\n<p>En tanto, el cu\u00e1druple campe\u00f3n del mundo, el neerland\u00e9s Max Verstappen (Red Bull), gan\u00f3 el&nbsp;<strong>Gran Premio de la Emilia-Romagna<\/strong>, el s\u00e9ptimo del Mundial de F1, disputado este domingo.<br><br>En la carrera n\u00famero 400 de su escuder\u00eda en la F\u00f3rmula Uno, Verstappen, de 27 a\u00f1os, logr\u00f3 su sexag\u00e9sima quinta victoria en la categor\u00eda reina -la segunda de la temporada- al ganar en la&nbsp;<strong>m\u00edtica pista italiana por delante de los dos McLaren<\/strong>, el del ingl\u00e9s Lando Norris y el del australiano Oscar Piastri; que acab\u00f3 tercero y mantuvo el liderato en el Mundial.<\/p>\n\n\n\n<p>Piastri lidera ahora el campeonato con 146 puntos, trece m\u00e1s que Norris y con 22 de ventaja sobre Verstappen; diferencia con la que llegar\u00e1n al pr\u00f3ximo&nbsp;<strong>Gran Premio, el de M\u00f3naco, la pr\u00f3xima semana.<\/strong><\/p>\n\n\n\n<figure class=\"wp-block-gallery has-nested-images columns-default is-cropped wp-block-gallery-1 is-layout-flex wp-block-gallery-is-layout-flex\">\n<figure class=\"wp-block-image size-large\"><img loading=\"lazy\" decoding=\"async\" width=\"956\" height=\"518\" data-id=\"1993\" src=\"https:\/\/pasahoy.com.ar\/ph\/wp-content\/uploads\/2025\/05\/1000347340.png\" alt=\"\" class=\"wp-image-1993\" srcset=\"https:\/\/pasahoy.com.ar\/ph\/wp-content\/uploads\/2025\/05\/1000347340.png 956w, https:\/\/pasahoy.com.ar\/ph\/wp-content\/uploads\/2025\/05\/1000347340-300x163.png 300w, https:\/\/pasahoy.com.ar\/ph\/wp-content\/uploads\/2025\/05\/1000347340-768x416.png 768w\" sizes=\"auto, (max-width: 956px) 100vw, 956px\" \/><\/figure>\n<\/figure>\n","protected":false},"excerpt":{"rendered":"<p>El piloto argentino\u00a0regres\u00f3 este domingo a la m\u00e1xima categor\u00eda del automovilismo\u00a0y\u00a0 pudo completar la prueba en el circuito de\u00a0Emilia-Romagna. \u00abEra el objetivo, es un d\u00eda positivo\u00bb, expres\u00f3.\u00a0Gan\u00f3 el circuito, el cu\u00e1druple campe\u00f3n\u00a0Max Verstappen\u00a0\u00a0 El piloto argentino&nbsp;Franco Colapinto regres\u00f3 este domingo a la m\u00e1xima categor\u00eda del automovilismo,&nbsp; pudo completar la prueba en el circuito de Imola&nbsp;y [&hellip;]<\/p>\n","protected":false},"author":3,"featured_media":1993,"comment_status":"open","ping_status":"open","sticky":false,"template":"","format":"standard","meta":{"_jetpack_memberships_contains_paid_content":false,"footnotes":""},"categories":[4],"tags":[],"class_list":["post-1992","post","type-post","status-publish","format-standard","has-post-thumbnail","hentry","category-deporte"],"jetpack_featured_media_url":"https:\/\/pasahoy.com.ar\/ph\/wp-content\/uploads\/2025\/05\/1000347340.png","jetpack_sharing_enabled":true,"_links":{"self":[{"href":"https:\/\/pasahoy.com.ar\/ph\/wp-json\/wp\/v2\/posts\/1992","targetHints":{"allow":["GET"]}}],"collection":[{"href":"https:\/\/pasahoy.com.ar\/ph\/wp-json\/wp\/v2\/posts"}],"about":[{"href":"https:\/\/pasahoy.com.ar\/ph\/wp-json\/wp\/v2\/types\/post"}],"author":[{"embeddable":true,"href":"https:\/\/pasahoy.com.ar\/ph\/wp-json\/wp\/v2\/users\/3"}],"replies":[{"embeddable":true,"href":"https:\/\/pasahoy.com.ar\/ph\/wp-json\/wp\/v2\/comments?post=1992"}],"version-history":[{"count":1,"href":"https:\/\/pasahoy.com.ar\/ph\/wp-json\/wp\/v2\/posts\/1992\/revisions"}],"predecessor-version":[{"id":1994,"href":"https:\/\/pasahoy.com.ar\/ph\/wp-json\/wp\/v2\/posts\/1992\/revisions\/1994"}],"wp:featuredmedia":[{"embeddable":true,"href":"https:\/\/pasahoy.com.ar\/ph\/wp-json\/wp\/v2\/media\/1993"}],"wp:attachment":[{"href":"https:\/\/pasahoy.com.ar\/ph\/wp-json\/wp\/v2\/media?parent=1992"}],"wp:term":[{"taxonomy":"category","embeddable":true,"href":"https:\/\/pasahoy.com.ar\/ph\/wp-json\/wp\/v2\/categories?post=1992"},{"taxonomy":"post_tag","embeddable":true,"href":"https:\/\/pasahoy.com.ar\/ph\/wp-json\/wp\/v2\/tags?post=1992"}],"curies":[{"name":"wp","href":"https:\/\/api.w.org\/{rel}","templated":true}]}}