{"id":1986,"date":"2025-05-18T07:05:19","date_gmt":"2025-05-18T07:05:19","guid":{"rendered":"https:\/\/pasahoy.com.ar\/ph\/?p=1986"},"modified":"2025-05-18T07:05:33","modified_gmt":"2025-05-18T07:05:33","slug":"el-senado-italiano-dio-media-sancion-al-proyecto-que-limita-la-ciudadania-como-afecta-a-los-argentinos","status":"publish","type":"post","link":"https:\/\/pasahoy.com.ar\/ph\/el-senado-italiano-dio-media-sancion-al-proyecto-que-limita-la-ciudadania-como-afecta-a-los-argentinos\/","title":{"rendered":"El senado italiano dio media sanci\u00f3n al proyecto que limita la ciudadan\u00eda: c\u00f3mo afecta a los argentinos"},"content":{"rendered":"\n<p>La reforma ser\u00e1 debatida en Diputados la semana pr\u00f3xima. El gobierno descuenta su aprobaci\u00f3n ya que domina la c\u00e1mara. <\/p>\n\n\n\n<p>La reforma que pone\u00a0<a href=\"https:\/\/tn.com.ar\/sociedad\/2025\/05\/02\/cambio-en-la-ciudadania-italiana-como-afecta-a-los-argentinos-y-desde-cuando-rige\/\">trabas al acceso a la nacionalidad italiana<\/a>\u00a0y que afectar\u00eda a miles de argentinos qued\u00f3 m\u00e1s cerca de concretarse. El Senado aprob\u00f3 este jueves el decreto elevado por el gobierno de la premier\u00a0<strong>Giorgia Meloni<\/strong>\u00a0que modifica el proceso de reconocimiento para acceder a la ciudadan\u00eda italiana. <\/p>\n\n\n\n<p>El texto pasar\u00e1 ahora a la C\u00e1mara de Diputados. Se espera que la votaci\u00f3n final se celebre la pr\u00f3xima semana. El gobierno descuenta su aprobaci\u00f3n ya que domina la c\u00e1mara. <\/p>\n\n\n\n<p>El ejecutivo de Meloni se mostr\u00f3 exultante tras la votaci\u00f3n. \u201cEs (un paso) muy importante\u201d, dijo el canciller&nbsp;<strong>Antonio Tajani<\/strong>. Seg\u00fan afirm\u00f3, el decreto \u201cpretende devolver la dignidad y el sentido a un derecho que debe basarse en un v\u00ednculo aut\u00e9ntico con Italia, no solo burocr\u00e1tico, sino tambi\u00e9n cultural, c\u00edvico e identitario\u201d.<\/p>\n\n\n\n<p>La reforma fue aprobada por 81 votos a favor y 37 en contra. <\/p>\n\n\n\n<figure class=\"wp-block-gallery has-nested-images columns-default is-cropped wp-block-gallery-1 is-layout-flex wp-block-gallery-is-layout-flex\">\n<figure class=\"wp-block-image size-large\"><img loading=\"lazy\" decoding=\"async\" width=\"925\" height=\"535\" data-id=\"1987\" src=\"https:\/\/pasahoy.com.ar\/ph\/wp-content\/uploads\/2025\/05\/1000346075.png\" alt=\"\" class=\"wp-image-1987\" srcset=\"https:\/\/pasahoy.com.ar\/ph\/wp-content\/uploads\/2025\/05\/1000346075.png 925w, https:\/\/pasahoy.com.ar\/ph\/wp-content\/uploads\/2025\/05\/1000346075-300x174.png 300w, https:\/\/pasahoy.com.ar\/ph\/wp-content\/uploads\/2025\/05\/1000346075-768x444.png 768w\" sizes=\"auto, (max-width: 925px) 100vw, 925px\" \/><\/figure>\n<\/figure>\n","protected":false},"excerpt":{"rendered":"<p>La reforma ser\u00e1 debatida en Diputados la semana pr\u00f3xima. El gobierno descuenta su aprobaci\u00f3n ya que domina la c\u00e1mara. La reforma que pone\u00a0trabas al acceso a la nacionalidad italiana\u00a0y que afectar\u00eda a miles de argentinos qued\u00f3 m\u00e1s cerca de concretarse. El Senado aprob\u00f3 este jueves el decreto elevado por el gobierno de la premier\u00a0Giorgia Meloni\u00a0que [&hellip;]<\/p>\n","protected":false},"author":3,"featured_media":1987,"comment_status":"open","ping_status":"open","sticky":false,"template":"","format":"standard","meta":{"_jetpack_memberships_contains_paid_content":false,"footnotes":""},"categories":[3],"tags":[],"class_list":["post-1986","post","type-post","status-publish","format-standard","has-post-thumbnail","hentry","category-internacional"],"jetpack_featured_media_url":"https:\/\/pasahoy.com.ar\/ph\/wp-content\/uploads\/2025\/05\/1000346075.png","jetpack_sharing_enabled":true,"_links":{"self":[{"href":"https:\/\/pasahoy.com.ar\/ph\/wp-json\/wp\/v2\/posts\/1986","targetHints":{"allow":["GET"]}}],"collection":[{"href":"https:\/\/pasahoy.com.ar\/ph\/wp-json\/wp\/v2\/posts"}],"about":[{"href":"https:\/\/pasahoy.com.ar\/ph\/wp-json\/wp\/v2\/types\/post"}],"author":[{"embeddable":true,"href":"https:\/\/pasahoy.com.ar\/ph\/wp-json\/wp\/v2\/users\/3"}],"replies":[{"embeddable":true,"href":"https:\/\/pasahoy.com.ar\/ph\/wp-json\/wp\/v2\/comments?post=1986"}],"version-history":[{"count":1,"href":"https:\/\/pasahoy.com.ar\/ph\/wp-json\/wp\/v2\/posts\/1986\/revisions"}],"predecessor-version":[{"id":1988,"href":"https:\/\/pasahoy.com.ar\/ph\/wp-json\/wp\/v2\/posts\/1986\/revisions\/1988"}],"wp:featuredmedia":[{"embeddable":true,"href":"https:\/\/pasahoy.com.ar\/ph\/wp-json\/wp\/v2\/media\/1987"}],"wp:attachment":[{"href":"https:\/\/pasahoy.com.ar\/ph\/wp-json\/wp\/v2\/media?parent=1986"}],"wp:term":[{"taxonomy":"category","embeddable":true,"href":"https:\/\/pasahoy.com.ar\/ph\/wp-json\/wp\/v2\/categories?post=1986"},{"taxonomy":"post_tag","embeddable":true,"href":"https:\/\/pasahoy.com.ar\/ph\/wp-json\/wp\/v2\/tags?post=1986"}],"curies":[{"name":"wp","href":"https:\/\/api.w.org\/{rel}","templated":true}]}}