{"id":1983,"date":"2025-05-18T06:56:45","date_gmt":"2025-05-18T06:56:45","guid":{"rendered":"https:\/\/pasahoy.com.ar\/ph\/?p=1983"},"modified":"2025-05-18T06:56:58","modified_gmt":"2025-05-18T06:56:58","slug":"el-cruce-de-mirtha-legrand-y-ana-rosenfeld-por-como-wanda-nara-cria-a-sus-hijos-una-vida-irregular","status":"publish","type":"post","link":"https:\/\/pasahoy.com.ar\/ph\/el-cruce-de-mirtha-legrand-y-ana-rosenfeld-por-como-wanda-nara-cria-a-sus-hijos-una-vida-irregular\/","title":{"rendered":"El cruce de Mirtha Legrand y Ana Rosenfeld por c\u00f3mo Wanda Nara cr\u00eda a sus hijos: \u201cUna vida irregular"},"content":{"rendered":"\n<p>La conductora de La noche de Mirtha dijo estar empapada en el tema y se lament\u00f3 por los cinco menores. Las explicaciones de la abogada no la convencieron. <\/p>\n\n\n\n<p><strong>Mirtha Legrand&nbsp;<\/strong>aprovech\u00f3 que estuvo&nbsp;<strong>Ana Rosenfeld&nbsp;<\/strong>en<em>&nbsp;<a href=\"https:\/\/www.pronto.com.ar\/temas\/la-noche-de-mirtha-3440.html\" target=\"_blank\" rel=\"noreferrer noopener\">La noche de Mirtha,&nbsp;<\/a><\/em>y le pregunt\u00f3 varias cuestiones vinculadas a Wanda Nara. Una de ellas sobre los contratos. \u201cEs mejor que el m\u00edo. Fortuna\u201d, resumi\u00f3 y la abogada le contest\u00f3: \u201cGana bien. Los contrato que yo he firmado con ella, cr\u00e9ame, no se firman en la Argentina\u201d.<\/p>\n\n\n\n<p>Volvi\u00f3 a tomar la palabra Mirtha: \u201cLe hago esta consulta porque a m\u00ed me intriga la vida de esta persona, que de la nada haya surgido tanto\u201d. Luego del debate sobre la exposici\u00f3n de Nara, la conductora se lament\u00f3:<strong>\u00a0\u201cA m\u00ed, lo que me asusta, son sus cinco hijos\u201d.<\/strong> <\/p>\n\n\n\n<p>Y si bien Rosenfeld le asegur\u00f3 que est\u00e1n bien cuidados,\u00a0<strong>La Chiqui insisti\u00f3 con un episodio que fue de p\u00fablico conocimiento, el d\u00eda de<a href=\"https:\/\/www.pronto.com.ar\/espectaculos\/2025\/3\/22\/se-filtro-el-video-de-mauro-icardi-en-una-acalorada-discusion-con-la-pareja-del-abogado-de-wanda-nara-253369.html\" target=\"_blank\" rel=\"noreferrer noopener\">\u00a0la discusi\u00f3n en el ascensor del Chateau Libertador entre ella y Mauro Icardi con las nenas como testigos.<\/a><\/strong><\/p>\n\n\n\n<figure class=\"wp-block-gallery has-nested-images columns-default is-cropped wp-block-gallery-1 is-layout-flex wp-block-gallery-is-layout-flex\">\n<figure class=\"wp-block-image size-large\"><img loading=\"lazy\" decoding=\"async\" width=\"936\" height=\"497\" data-id=\"1984\" src=\"https:\/\/pasahoy.com.ar\/ph\/wp-content\/uploads\/2025\/05\/1000346074.png\" alt=\"\" class=\"wp-image-1984\" srcset=\"https:\/\/pasahoy.com.ar\/ph\/wp-content\/uploads\/2025\/05\/1000346074.png 936w, https:\/\/pasahoy.com.ar\/ph\/wp-content\/uploads\/2025\/05\/1000346074-300x159.png 300w, https:\/\/pasahoy.com.ar\/ph\/wp-content\/uploads\/2025\/05\/1000346074-768x408.png 768w\" sizes=\"auto, (max-width: 936px) 100vw, 936px\" \/><\/figure>\n<\/figure>\n","protected":false},"excerpt":{"rendered":"<p>La conductora de La noche de Mirtha dijo estar empapada en el tema y se lament\u00f3 por los cinco menores. Las explicaciones de la abogada no la convencieron. Mirtha Legrand&nbsp;aprovech\u00f3 que estuvo&nbsp;Ana Rosenfeld&nbsp;en&nbsp;La noche de Mirtha,&nbsp;y le pregunt\u00f3 varias cuestiones vinculadas a Wanda Nara. Una de ellas sobre los contratos. \u201cEs mejor que el m\u00edo. [&hellip;]<\/p>\n","protected":false},"author":3,"featured_media":1984,"comment_status":"open","ping_status":"open","sticky":false,"template":"","format":"standard","meta":{"_jetpack_memberships_contains_paid_content":false,"footnotes":""},"categories":[5],"tags":[],"class_list":["post-1983","post","type-post","status-publish","format-standard","has-post-thumbnail","hentry","category-espectaculo"],"jetpack_featured_media_url":"https:\/\/pasahoy.com.ar\/ph\/wp-content\/uploads\/2025\/05\/1000346074.png","jetpack_sharing_enabled":true,"_links":{"self":[{"href":"https:\/\/pasahoy.com.ar\/ph\/wp-json\/wp\/v2\/posts\/1983","targetHints":{"allow":["GET"]}}],"collection":[{"href":"https:\/\/pasahoy.com.ar\/ph\/wp-json\/wp\/v2\/posts"}],"about":[{"href":"https:\/\/pasahoy.com.ar\/ph\/wp-json\/wp\/v2\/types\/post"}],"author":[{"embeddable":true,"href":"https:\/\/pasahoy.com.ar\/ph\/wp-json\/wp\/v2\/users\/3"}],"replies":[{"embeddable":true,"href":"https:\/\/pasahoy.com.ar\/ph\/wp-json\/wp\/v2\/comments?post=1983"}],"version-history":[{"count":1,"href":"https:\/\/pasahoy.com.ar\/ph\/wp-json\/wp\/v2\/posts\/1983\/revisions"}],"predecessor-version":[{"id":1985,"href":"https:\/\/pasahoy.com.ar\/ph\/wp-json\/wp\/v2\/posts\/1983\/revisions\/1985"}],"wp:featuredmedia":[{"embeddable":true,"href":"https:\/\/pasahoy.com.ar\/ph\/wp-json\/wp\/v2\/media\/1984"}],"wp:attachment":[{"href":"https:\/\/pasahoy.com.ar\/ph\/wp-json\/wp\/v2\/media?parent=1983"}],"wp:term":[{"taxonomy":"category","embeddable":true,"href":"https:\/\/pasahoy.com.ar\/ph\/wp-json\/wp\/v2\/categories?post=1983"},{"taxonomy":"post_tag","embeddable":true,"href":"https:\/\/pasahoy.com.ar\/ph\/wp-json\/wp\/v2\/tags?post=1983"}],"curies":[{"name":"wp","href":"https:\/\/api.w.org\/{rel}","templated":true}]}}