{"id":1977,"date":"2025-05-18T06:39:54","date_gmt":"2025-05-18T06:39:54","guid":{"rendered":"https:\/\/pasahoy.com.ar\/ph\/?p=1977"},"modified":"2025-05-18T06:40:13","modified_gmt":"2025-05-18T06:40:13","slug":"el-techo-de-un-edificio-colapso-sobre-un-bar-en-cordoba-un-muerto-y-heridos","status":"publish","type":"post","link":"https:\/\/pasahoy.com.ar\/ph\/el-techo-de-un-edificio-colapso-sobre-un-bar-en-cordoba-un-muerto-y-heridos\/","title":{"rendered":"El techo de un edificio colaps\u00f3 sobre un bar en C\u00f3rdoba: un muerto y heridos"},"content":{"rendered":"\n<p>El hecho se registr\u00f3 este s\u00e1bado por la noche, en\u00a0Boulevard San Juan 673. Aparentemente la mamposter\u00eda de uno de los edificios aleda\u00f1os cay\u00f3 sobre el local gastron\u00f3mico, aunque las autoridades investigan las circunstancias. <\/p>\n\n\n\n<p>Un tr\u00e1gico incidente se registr\u00f3 este s\u00e1bado por la noche en barrio G\u00fcemes de la ciudad de C\u00f3rdoba cuando aparentemente&nbsp;el techo del primer piso de un edificio, ubicado en Boulevard San Juan 673, se derrumb\u00f3 por causas desconocidas, dejando un saldo de tres personas heridas y un muerto.<\/p>\n\n\n\n<p>Las primeras versiones indican que la mamposter\u00eda de uno de los edificios aleda\u00f1os cayeron sobre el bar situado en la planta baja, donde hab\u00eda una veintena de j\u00f3venes.&nbsp;<\/p>\n\n\n\n<p>Pasada la medianoche, la Polic\u00eda confirm\u00f3 a\u00a0<strong>Cadena 3<\/strong>\u00a0que uno de los heridos falleci\u00f3 en el lugar y al menos tres personas m\u00e1s fueron trasladas a diferentes nosocomios con heridas. <\/p>\n\n\n\n<figure class=\"wp-block-gallery has-nested-images columns-default is-cropped wp-block-gallery-1 is-layout-flex wp-block-gallery-is-layout-flex\">\n<figure class=\"wp-block-image size-large\"><img loading=\"lazy\" decoding=\"async\" width=\"957\" height=\"535\" data-id=\"1978\" src=\"https:\/\/pasahoy.com.ar\/ph\/wp-content\/uploads\/2025\/05\/1000346072.png\" alt=\"\" class=\"wp-image-1978\" srcset=\"https:\/\/pasahoy.com.ar\/ph\/wp-content\/uploads\/2025\/05\/1000346072.png 957w, https:\/\/pasahoy.com.ar\/ph\/wp-content\/uploads\/2025\/05\/1000346072-300x168.png 300w, https:\/\/pasahoy.com.ar\/ph\/wp-content\/uploads\/2025\/05\/1000346072-768x429.png 768w\" sizes=\"auto, (max-width: 957px) 100vw, 957px\" \/><\/figure>\n<\/figure>\n","protected":false},"excerpt":{"rendered":"<p>El hecho se registr\u00f3 este s\u00e1bado por la noche, en\u00a0Boulevard San Juan 673. Aparentemente la mamposter\u00eda de uno de los edificios aleda\u00f1os cay\u00f3 sobre el local gastron\u00f3mico, aunque las autoridades investigan las circunstancias. Un tr\u00e1gico incidente se registr\u00f3 este s\u00e1bado por la noche en barrio G\u00fcemes de la ciudad de C\u00f3rdoba cuando aparentemente&nbsp;el techo del [&hellip;]<\/p>\n","protected":false},"author":3,"featured_media":1978,"comment_status":"open","ping_status":"open","sticky":false,"template":"","format":"standard","meta":{"_jetpack_memberships_contains_paid_content":false,"footnotes":""},"categories":[9],"tags":[],"class_list":["post-1977","post","type-post","status-publish","format-standard","has-post-thumbnail","hentry","category-policial"],"jetpack_featured_media_url":"https:\/\/pasahoy.com.ar\/ph\/wp-content\/uploads\/2025\/05\/1000346072.png","jetpack_sharing_enabled":true,"_links":{"self":[{"href":"https:\/\/pasahoy.com.ar\/ph\/wp-json\/wp\/v2\/posts\/1977","targetHints":{"allow":["GET"]}}],"collection":[{"href":"https:\/\/pasahoy.com.ar\/ph\/wp-json\/wp\/v2\/posts"}],"about":[{"href":"https:\/\/pasahoy.com.ar\/ph\/wp-json\/wp\/v2\/types\/post"}],"author":[{"embeddable":true,"href":"https:\/\/pasahoy.com.ar\/ph\/wp-json\/wp\/v2\/users\/3"}],"replies":[{"embeddable":true,"href":"https:\/\/pasahoy.com.ar\/ph\/wp-json\/wp\/v2\/comments?post=1977"}],"version-history":[{"count":1,"href":"https:\/\/pasahoy.com.ar\/ph\/wp-json\/wp\/v2\/posts\/1977\/revisions"}],"predecessor-version":[{"id":1979,"href":"https:\/\/pasahoy.com.ar\/ph\/wp-json\/wp\/v2\/posts\/1977\/revisions\/1979"}],"wp:featuredmedia":[{"embeddable":true,"href":"https:\/\/pasahoy.com.ar\/ph\/wp-json\/wp\/v2\/media\/1978"}],"wp:attachment":[{"href":"https:\/\/pasahoy.com.ar\/ph\/wp-json\/wp\/v2\/media?parent=1977"}],"wp:term":[{"taxonomy":"category","embeddable":true,"href":"https:\/\/pasahoy.com.ar\/ph\/wp-json\/wp\/v2\/categories?post=1977"},{"taxonomy":"post_tag","embeddable":true,"href":"https:\/\/pasahoy.com.ar\/ph\/wp-json\/wp\/v2\/tags?post=1977"}],"curies":[{"name":"wp","href":"https:\/\/api.w.org\/{rel}","templated":true}]}}