{"id":1974,"date":"2025-05-18T06:35:20","date_gmt":"2025-05-18T06:35:20","guid":{"rendered":"https:\/\/pasahoy.com.ar\/ph\/?p=1974"},"modified":"2025-05-18T06:35:34","modified_gmt":"2025-05-18T06:35:34","slug":"bustos-lo-esperado-fabricio-y-un-rendimiento-a-gusto-de-gallardo","status":"publish","type":"post","link":"https:\/\/pasahoy.com.ar\/ph\/bustos-lo-esperado-fabricio-y-un-rendimiento-a-gusto-de-gallardo\/","title":{"rendered":"Bustos lo esperado: Fabricio y un rendimiento a gusto de Gallardo"},"content":{"rendered":"\n<p>Por las lesiones de Montiel, Bustos volvi\u00f3 a tener m\u00e1s minutos y super\u00f3 expectativas: con firmeza para defender y convicci\u00f3n para atacar, otorga las soluciones que MG espera de los que alternan. <\/p>\n\n\n\n<p>Me pone feliz que los jugadores que alternan est\u00e1n preparados para dar soluciones\u201d. Parte de esa felicidad que manifest\u00f3\u00a0<strong><a href=\"https:\/\/www.ole.com.ar\/tema\/marcelo-gallardo.html\">Marcelo Gallardo<\/a><\/strong>\u00a0luego del 6-2 a Independiente del Valle tiene nombre y apellido:\u00a0<strong><a href=\"https:\/\/www.ole.com.ar\/tema\/fabricio-bustos.html\">Fabricio Bustos<\/a><\/strong>. Desde que volvi\u00f3 a ser titular por la lesi\u00f3n de Gonzalo Montiel, el lateral derecho se consolid\u00f3 como una pieza clave,\u00a0<strong>siendo uno de los mejores en el funcionamiento del equipo.<\/strong> <\/p>\n\n\n\n<p>Si bien siempre estuvo preparado para dar soluciones, desde que comenz\u00f3 la temporada, Fabricio la tuvo que remar: la llegada de Montiel hizo que disminuyeran sus minutos dentro del campo.<strong>&nbsp;Dej\u00f3 de ocupar un lugar en el once inicial, como lo ven\u00eda haciendo hasta fines de 2024, y pas\u00f3 a ser una opci\u00f3n en el banco.<\/strong><\/p>\n\n\n\n<p>Sin embargo, las lesiones musculares que marginaron a Montiel en seis de los 23 partidos que lleva River en la temporada, le devolvieron la oportunidad. Y Bustos, hasta el momento, no la desaprovech\u00f3:\u00a0<strong>en los \u00faltimos cuatro partidos seguidos que le toc\u00f3 jugar, cumpli\u00f3 con el pedido de Marcelo Gallardo<\/strong>\u00a0al demostrar que todos sus jugadores est\u00e1n al pie del ca\u00f1\u00f3n para cuando \u00e9l lo necesite.  <\/p>\n\n\n\n<p>Un seguidilla que comenz\u00f3 en medio de un partido picante:<strong>&nbsp;entr\u00f3 por Montiel en el S\u00faper ante Boca<\/strong>&nbsp;y jug\u00f3 los \u00faltimos 45\u00b4aport\u00e1ndole seguridad al equipo y proyecci\u00f3n de la mitad de cancha para adelante. Ese parece haber sido el trampol\u00edn an\u00edmico que lo impuls\u00f3 para los partidos siguientes:<strong>&nbsp;jug\u00f3 los 90\u00b4 en el cierre de la fase regular del Apertura ante V\u00e9lez<\/strong>&nbsp;y volvi\u00f3 a entrar bien ante Barracas, luego de que Montiel sufriera un&nbsp;<strong>desprendimiento en la cicatriz del desgarro en el b\u00edceps femoral de su pierna derecha&nbsp;<\/strong>que hab\u00eda sufrido ante Boca.<\/p>\n\n\n\n<p>En apenas 30 minutos de juego, ante Barracas,<strong>&nbsp;Fabricio demostr\u00f3 su habilidad y buen estado f\u00edsico&nbsp;<\/strong>para jugar a lo largo de la banda y mostrarse como una opci\u00f3n m\u00e1s cuando el equipo ataca: tuvo un mano a mano que le sali\u00f3 al cuerpo del arquero y otro gol que el \u00e1rbitro termin\u00f3 anulando por falta previa de Casta\u00f1o.<\/p>\n\n\n\n<figure class=\"wp-block-gallery has-nested-images columns-default is-cropped wp-block-gallery-1 is-layout-flex wp-block-gallery-is-layout-flex\">\n<figure class=\"wp-block-image size-large\"><img loading=\"lazy\" decoding=\"async\" width=\"933\" height=\"525\" data-id=\"1975\" src=\"https:\/\/pasahoy.com.ar\/ph\/wp-content\/uploads\/2025\/05\/1000346071.png\" alt=\"\" class=\"wp-image-1975\" srcset=\"https:\/\/pasahoy.com.ar\/ph\/wp-content\/uploads\/2025\/05\/1000346071.png 933w, https:\/\/pasahoy.com.ar\/ph\/wp-content\/uploads\/2025\/05\/1000346071-300x169.png 300w, https:\/\/pasahoy.com.ar\/ph\/wp-content\/uploads\/2025\/05\/1000346071-768x432.png 768w\" sizes=\"auto, (max-width: 933px) 100vw, 933px\" \/><\/figure>\n<\/figure>\n\n\n\n<p>.<\/p>\n","protected":false},"excerpt":{"rendered":"<p>Por las lesiones de Montiel, Bustos volvi\u00f3 a tener m\u00e1s minutos y super\u00f3 expectativas: con firmeza para defender y convicci\u00f3n para atacar, otorga las soluciones que MG espera de los que alternan. Me pone feliz que los jugadores que alternan est\u00e1n preparados para dar soluciones\u201d. Parte de esa felicidad que manifest\u00f3\u00a0Marcelo Gallardo\u00a0luego del 6-2 a [&hellip;]<\/p>\n","protected":false},"author":3,"featured_media":1975,"comment_status":"open","ping_status":"open","sticky":false,"template":"","format":"standard","meta":{"_jetpack_memberships_contains_paid_content":false,"footnotes":""},"categories":[4],"tags":[],"class_list":["post-1974","post","type-post","status-publish","format-standard","has-post-thumbnail","hentry","category-deporte"],"jetpack_featured_media_url":"https:\/\/pasahoy.com.ar\/ph\/wp-content\/uploads\/2025\/05\/1000346071.png","jetpack_sharing_enabled":true,"_links":{"self":[{"href":"https:\/\/pasahoy.com.ar\/ph\/wp-json\/wp\/v2\/posts\/1974","targetHints":{"allow":["GET"]}}],"collection":[{"href":"https:\/\/pasahoy.com.ar\/ph\/wp-json\/wp\/v2\/posts"}],"about":[{"href":"https:\/\/pasahoy.com.ar\/ph\/wp-json\/wp\/v2\/types\/post"}],"author":[{"embeddable":true,"href":"https:\/\/pasahoy.com.ar\/ph\/wp-json\/wp\/v2\/users\/3"}],"replies":[{"embeddable":true,"href":"https:\/\/pasahoy.com.ar\/ph\/wp-json\/wp\/v2\/comments?post=1974"}],"version-history":[{"count":1,"href":"https:\/\/pasahoy.com.ar\/ph\/wp-json\/wp\/v2\/posts\/1974\/revisions"}],"predecessor-version":[{"id":1976,"href":"https:\/\/pasahoy.com.ar\/ph\/wp-json\/wp\/v2\/posts\/1974\/revisions\/1976"}],"wp:featuredmedia":[{"embeddable":true,"href":"https:\/\/pasahoy.com.ar\/ph\/wp-json\/wp\/v2\/media\/1975"}],"wp:attachment":[{"href":"https:\/\/pasahoy.com.ar\/ph\/wp-json\/wp\/v2\/media?parent=1974"}],"wp:term":[{"taxonomy":"category","embeddable":true,"href":"https:\/\/pasahoy.com.ar\/ph\/wp-json\/wp\/v2\/categories?post=1974"},{"taxonomy":"post_tag","embeddable":true,"href":"https:\/\/pasahoy.com.ar\/ph\/wp-json\/wp\/v2\/tags?post=1974"}],"curies":[{"name":"wp","href":"https:\/\/api.w.org\/{rel}","templated":true}]}}